{"id":4750,"date":"2019-11-18T13:48:11","date_gmt":"2019-11-18T12:48:11","guid":{"rendered":"https:\/\/www.capaesculturas.com\/disfrutamos-en-valencia-del-montaje-e-inauguracion-de-la-exposicion-de-manolo-valdes\/"},"modified":"2024-06-05T16:17:07","modified_gmt":"2024-06-05T15:17:07","slug":"disfrutamos-en-valencia-del-montaje-e-inauguracion-de-la-exposicion-de-manolo-valdes","status":"publish","type":"post","link":"https:\/\/www.capaesculturas.com\/en\/disfrutamos-en-valencia-del-montaje-e-inauguracion-de-la-exposicion-de-manolo-valdes\/","title":{"rendered":"We enjoyed the installation and opening of the Manolo Vald\u00e9s exhibition in Valencia."},"content":{"rendered":"\n<p>From 28th June to 10th December, the Lago Sur of the City of Arts and Sciences of Valencia will be the setting for a unique exhibition: the monumental sculptures of Manolo Vald\u00e9s. Highlights include \u2018La Mariposa\u2019, \u2018Los Aretes\u2019, \u2018La Diadema\u2019, \u2018Mariposas\u2019, \u2018La Doble Imagen\u2019 and \u2018La Pamela\u2019. These imposing pieces capture the attention and awaken the imagination of those who contemplate them.<\/p>\n\n<h2 class=\"wp-block-heading\"><strong>Execution and assembly by foundry Eduardo Capa<\/strong><\/h2>\n\n<p>Behind the execution and assembly of these magnificent works is the skill and expertise of the Eduardo Capa Foundry. With years of experience in the creation of monumental sculptures, the foundry is proud to once again collaborate with Manolo Vald\u00e9s on this large-scale project. The combination of Vald\u00e9s&#8217; artistic talent and the foundry&#8217;s technical skill has resulted in an impressive exhibition that will delight visitors for months to come.<\/p>\n\n<h2 class=\"wp-block-heading\"><strong>An incomparable experience<\/strong><\/h2>\n\n<p>The incomparable setting of the City of Arts and Sciences, designed by the renowned architect Santiago Calatrava, provides the perfect backdrop for this monumental art exhibition. With its fusion of futuristic architecture and natural elements. The space enhances the beauty and grandeur of Vald\u00e9s&#8217; sculptures, creating a unique experience for viewers.<\/p>\n\n<h2 class=\"wp-block-heading\"><strong>Find out more about the exhibition<\/strong><\/h2>\n\n<p>For more information about this exciting art exhibition, we invite you to visit the official website of the City of Arts and Sciences. Immerse yourself in the world of Manolo Vald\u00e9s and marvel at the beauty and creativity of his monumental sculptures. Don&#8217;t miss it!<\/p>\n\n<p>Find out more about the exhibition <a href=\"https:\/\/www.fundacionhortensiaherrero.org\/\">here<\/a>.<\/p>\n\n<p>Take a look at our <a href=\"https:\/\/www.capaesculturas.com\/en\/realized-works\/\"> completed work here<\/a>.<\/p>\n\n<figure class=\"wp-block-embed is-type-video is-provider-youtube wp-block-embed-youtube wp-embed-aspect-16-9 wp-has-aspect-ratio\"><div class=\"wp-block-embed__wrapper\">\n<iframe title=\"Fundaci\u00f3n Hortensia Herrero - Exposici\u00f3n &quot;Esculturas Monumentales&quot; Manolo Vald\u00e9s\" width=\"1200\" height=\"675\" src=\"https:\/\/www.youtube.com\/embed\/GcpVLMudAtE?feature=oembed\" frameborder=\"0\" allow=\"accelerometer; autoplay; clipboard-write; encrypted-media; gyroscope; picture-in-picture; web-share\" allowfullscreen><\/iframe>\n<\/div><\/figure>\n\n<p><\/p>\n\n<p><\/p>\n\n<p><\/p>\n\n<p><\/p>\n","protected":false},"excerpt":{"rendered":"<p>From 28th June to 10th December, the Lago Sur of the City of Arts and Sciences of Valencia will be the setting for a unique exhibition: the monumental sculptures of Manolo Vald\u00e9s. Highlights include \u2018La Mariposa\u2019, \u2018Los Aretes\u2019, \u2018La Diadema\u2019, \u2018Mariposas\u2019, \u2018La Doble Imagen\u2019 and \u2018La Pamela\u2019. These imposing pieces capture the attention and awaken &#8230; <a title=\"We enjoyed the installation and opening of the Manolo Vald\u00e9s exhibition in Valencia.\" class=\"read-more\" href=\"https:\/\/www.capaesculturas.com\/en\/disfrutamos-en-valencia-del-montaje-e-inauguracion-de-la-exposicion-de-manolo-valdes\/\" aria-label=\"Read more about We enjoyed the installation and opening of the Manolo Vald\u00e9s exhibition in Valencia.\">Read more<\/a><\/p>\n","protected":false},"author":3,"featured_media":4061,"comment_status":"open","ping_status":"open","sticky":false,"template":"","format":"standard","meta":{"_acf_changed":false,"footnotes":""},"categories":[36],"tags":[],"class_list":["post-4750","post","type-post","status-publish","format-standard","has-post-thumbnail","hentry","category-news"],"acf":[],"yoast_head":"<!-- This site is optimized with the Yoast SEO plugin v27.4 - https:\/\/yoast.com\/product\/yoast-seo-wordpress\/ -->\n<title>Exhibition of the works of Manolo Vald\u00e9s in Valencia - Capa Esculturas<\/title>\n<meta name=\"description\" content=\"Explore the impressive sculptures of Manolo Vald\u00e9s in Valencia, presented by the Fundici\u00f3n Eduardo Capa until 10 December.\" \/>\n<meta name=\"robots\" content=\"index, follow, max-snippet:-1, max-image-preview:large, max-video-preview:-1\" \/>\n<link rel=\"canonical\" href=\"https:\/\/www.capaesculturas.com\/en\/disfrutamos-en-valencia-del-montaje-e-inauguracion-de-la-exposicion-de-manolo-valdes\/\" \/>\n<meta property=\"og:locale\" content=\"en_GB\" \/>\n<meta property=\"og:type\" content=\"article\" \/>\n<meta property=\"og:title\" content=\"Exhibition of the works of Manolo Vald\u00e9s in Valencia - Capa Esculturas\" \/>\n<meta property=\"og:description\" content=\"Explore the impressive sculptures of Manolo Vald\u00e9s in Valencia, presented by the Fundici\u00f3n Eduardo Capa until 10 December.\" \/>\n<meta property=\"og:url\" content=\"https:\/\/www.capaesculturas.com\/en\/disfrutamos-en-valencia-del-montaje-e-inauguracion-de-la-exposicion-de-manolo-valdes\/\" \/>\n<meta property=\"og:site_name\" content=\"Capa esculturas\" \/>\n<meta property=\"article:published_time\" content=\"2019-11-18T12:48:11+00:00\" \/>\n<meta property=\"article:modified_time\" content=\"2024-06-05T15:17:07+00:00\" \/>\n<meta property=\"og:image\" content=\"https:\/\/www.capaesculturas.com\/wp-content\/uploads\/esculturas-valencia.webp\" \/>\n\t<meta property=\"og:image:width\" content=\"1528\" \/>\n\t<meta property=\"og:image:height\" content=\"800\" \/>\n\t<meta property=\"og:image:type\" content=\"image\/webp\" \/>\n<meta name=\"author\" content=\"Capa\" \/>\n<meta name=\"twitter:card\" content=\"summary_large_image\" \/>\n<meta name=\"twitter:label1\" content=\"Written by\" \/>\n\t<meta name=\"twitter:data1\" content=\"Capa\" \/>\n\t<meta name=\"twitter:label2\" content=\"Estimated reading time\" \/>\n\t<meta name=\"twitter:data2\" content=\"1 minute\" \/>\n<script type=\"application\/ld+json\" class=\"yoast-schema-graph\">{\"@context\":\"https:\\\/\\\/schema.org\",\"@graph\":[{\"@type\":[\"Article\",\"BlogPosting\"],\"@id\":\"https:\\\/\\\/www.capaesculturas.com\\\/en\\\/disfrutamos-en-valencia-del-montaje-e-inauguracion-de-la-exposicion-de-manolo-valdes\\\/#article\",\"isPartOf\":{\"@id\":\"https:\\\/\\\/www.capaesculturas.com\\\/en\\\/disfrutamos-en-valencia-del-montaje-e-inauguracion-de-la-exposicion-de-manolo-valdes\\\/\"},\"author\":{\"name\":\"Capa\",\"@id\":\"https:\\\/\\\/www.capaesculturas.com\\\/en\\\/#\\\/schema\\\/person\\\/824340306818e4b7b3a8962549a35898\"},\"headline\":\"We enjoyed the installation and opening of the Manolo Vald\u00e9s exhibition in Valencia.\",\"datePublished\":\"2019-11-18T12:48:11+00:00\",\"dateModified\":\"2024-06-05T15:17:07+00:00\",\"mainEntityOfPage\":{\"@id\":\"https:\\\/\\\/www.capaesculturas.com\\\/en\\\/disfrutamos-en-valencia-del-montaje-e-inauguracion-de-la-exposicion-de-manolo-valdes\\\/\"},\"wordCount\":286,\"commentCount\":0,\"publisher\":{\"@id\":\"https:\\\/\\\/www.capaesculturas.com\\\/en\\\/#organization\"},\"image\":{\"@id\":\"https:\\\/\\\/www.capaesculturas.com\\\/en\\\/disfrutamos-en-valencia-del-montaje-e-inauguracion-de-la-exposicion-de-manolo-valdes\\\/#primaryimage\"},\"thumbnailUrl\":\"https:\\\/\\\/www.capaesculturas.com\\\/wp-content\\\/uploads\\\/esculturas-valencia.webp\",\"articleSection\":[\"News\"],\"inLanguage\":\"en-GB\",\"potentialAction\":[{\"@type\":\"CommentAction\",\"name\":\"Comment\",\"target\":[\"https:\\\/\\\/www.capaesculturas.com\\\/en\\\/disfrutamos-en-valencia-del-montaje-e-inauguracion-de-la-exposicion-de-manolo-valdes\\\/#respond\"]}]},{\"@type\":[\"WebPage\",\"ItemPage\"],\"@id\":\"https:\\\/\\\/www.capaesculturas.com\\\/en\\\/disfrutamos-en-valencia-del-montaje-e-inauguracion-de-la-exposicion-de-manolo-valdes\\\/\",\"url\":\"https:\\\/\\\/www.capaesculturas.com\\\/en\\\/disfrutamos-en-valencia-del-montaje-e-inauguracion-de-la-exposicion-de-manolo-valdes\\\/\",\"name\":\"Exhibition of the works of Manolo Vald\u00e9s in Valencia - Capa Esculturas\",\"isPartOf\":{\"@id\":\"https:\\\/\\\/www.capaesculturas.com\\\/en\\\/#website\"},\"primaryImageOfPage\":{\"@id\":\"https:\\\/\\\/www.capaesculturas.com\\\/en\\\/disfrutamos-en-valencia-del-montaje-e-inauguracion-de-la-exposicion-de-manolo-valdes\\\/#primaryimage\"},\"image\":{\"@id\":\"https:\\\/\\\/www.capaesculturas.com\\\/en\\\/disfrutamos-en-valencia-del-montaje-e-inauguracion-de-la-exposicion-de-manolo-valdes\\\/#primaryimage\"},\"thumbnailUrl\":\"https:\\\/\\\/www.capaesculturas.com\\\/wp-content\\\/uploads\\\/esculturas-valencia.webp\",\"datePublished\":\"2019-11-18T12:48:11+00:00\",\"dateModified\":\"2024-06-05T15:17:07+00:00\",\"description\":\"Explore the impressive sculptures of Manolo Vald\u00e9s in Valencia, presented by the Fundici\u00f3n Eduardo Capa until 10 December.\",\"breadcrumb\":{\"@id\":\"https:\\\/\\\/www.capaesculturas.com\\\/en\\\/disfrutamos-en-valencia-del-montaje-e-inauguracion-de-la-exposicion-de-manolo-valdes\\\/#breadcrumb\"},\"inLanguage\":\"en-GB\",\"potentialAction\":[{\"@type\":\"ReadAction\",\"target\":[\"https:\\\/\\\/www.capaesculturas.com\\\/en\\\/disfrutamos-en-valencia-del-montaje-e-inauguracion-de-la-exposicion-de-manolo-valdes\\\/\"]}]},{\"@type\":\"ImageObject\",\"inLanguage\":\"en-GB\",\"@id\":\"https:\\\/\\\/www.capaesculturas.com\\\/en\\\/disfrutamos-en-valencia-del-montaje-e-inauguracion-de-la-exposicion-de-manolo-valdes\\\/#primaryimage\",\"url\":\"https:\\\/\\\/www.capaesculturas.com\\\/wp-content\\\/uploads\\\/esculturas-valencia.webp\",\"contentUrl\":\"https:\\\/\\\/www.capaesculturas.com\\\/wp-content\\\/uploads\\\/esculturas-valencia.webp\",\"width\":1528,\"height\":800},{\"@type\":\"BreadcrumbList\",\"@id\":\"https:\\\/\\\/www.capaesculturas.com\\\/en\\\/disfrutamos-en-valencia-del-montaje-e-inauguracion-de-la-exposicion-de-manolo-valdes\\\/#breadcrumb\",\"itemListElement\":[{\"@type\":\"ListItem\",\"position\":1,\"name\":\"Portada\",\"item\":\"https:\\\/\\\/www.capaesculturas.com\\\/en\\\/homepage\\\/\"},{\"@type\":\"ListItem\",\"position\":2,\"name\":\"We enjoyed the installation and opening of the Manolo Vald\u00e9s exhibition in Valencia.\"}]},{\"@type\":\"WebSite\",\"@id\":\"https:\\\/\\\/www.capaesculturas.com\\\/en\\\/#website\",\"url\":\"https:\\\/\\\/www.capaesculturas.com\\\/en\\\/\",\"name\":\"Capa Esculturas\",\"description\":\"Fundici\u00f3n y taller de referencia en el \u00e1mbito escult\u00f3rico\",\"publisher\":{\"@id\":\"https:\\\/\\\/www.capaesculturas.com\\\/en\\\/#organization\"},\"alternateName\":\"Fundici\u00f3n de Esculturas Capa\",\"potentialAction\":[{\"@type\":\"SearchAction\",\"target\":{\"@type\":\"EntryPoint\",\"urlTemplate\":\"https:\\\/\\\/www.capaesculturas.com\\\/en\\\/?s={search_term_string}\"},\"query-input\":{\"@type\":\"PropertyValueSpecification\",\"valueRequired\":true,\"valueName\":\"search_term_string\"}}],\"inLanguage\":\"en-GB\"},{\"@type\":\"Organization\",\"@id\":\"https:\\\/\\\/www.capaesculturas.com\\\/en\\\/#organization\",\"name\":\"Capa Esculturas\",\"alternateName\":\"Fundici\u00f3n y taller de referencia en el \u00e1mbito escult\u00f3rico\",\"url\":\"https:\\\/\\\/www.capaesculturas.com\\\/en\\\/\",\"logo\":{\"@type\":\"ImageObject\",\"inLanguage\":\"en-GB\",\"@id\":\"https:\\\/\\\/www.capaesculturas.com\\\/en\\\/#\\\/schema\\\/logo\\\/image\\\/\",\"url\":\"https:\\\/\\\/www.capaesculturas.com\\\/wp-content\\\/uploads\\\/capa-esculturas-eps.png\",\"contentUrl\":\"https:\\\/\\\/www.capaesculturas.com\\\/wp-content\\\/uploads\\\/capa-esculturas-eps.png\",\"width\":1911,\"height\":1904,\"caption\":\"Capa Esculturas\"},\"image\":{\"@id\":\"https:\\\/\\\/www.capaesculturas.com\\\/en\\\/#\\\/schema\\\/logo\\\/image\\\/\"}},{\"@type\":\"Person\",\"@id\":\"https:\\\/\\\/www.capaesculturas.com\\\/en\\\/#\\\/schema\\\/person\\\/824340306818e4b7b3a8962549a35898\",\"name\":\"Capa\",\"image\":{\"@type\":\"ImageObject\",\"inLanguage\":\"en-GB\",\"@id\":\"https:\\\/\\\/www.capaesculturas.com\\\/wp-content\\\/litespeed\\\/avatar\\\/894e8401b2b7be1b4bf113210f215739.jpg?ver=1777370652\",\"url\":\"https:\\\/\\\/www.capaesculturas.com\\\/wp-content\\\/litespeed\\\/avatar\\\/894e8401b2b7be1b4bf113210f215739.jpg?ver=1777370652\",\"contentUrl\":\"https:\\\/\\\/www.capaesculturas.com\\\/wp-content\\\/litespeed\\\/avatar\\\/894e8401b2b7be1b4bf113210f215739.jpg?ver=1777370652\",\"caption\":\"Capa\"},\"url\":\"https:\\\/\\\/www.capaesculturas.com\\\/en\\\/author\\\/capa\\\/\"}]}<\/script>\n<!-- \/ Yoast SEO plugin. -->","yoast_head_json":{"title":"Exhibition of the works of Manolo Vald\u00e9s in Valencia - Capa Esculturas","description":"Explore the impressive sculptures of Manolo Vald\u00e9s in Valencia, presented by the Fundici\u00f3n Eduardo Capa until 10 December.","robots":{"index":"index","follow":"follow","max-snippet":"max-snippet:-1","max-image-preview":"max-image-preview:large","max-video-preview":"max-video-preview:-1"},"canonical":"https:\/\/www.capaesculturas.com\/en\/disfrutamos-en-valencia-del-montaje-e-inauguracion-de-la-exposicion-de-manolo-valdes\/","og_locale":"en_GB","og_type":"article","og_title":"Exhibition of the works of Manolo Vald\u00e9s in Valencia - Capa Esculturas","og_description":"Explore the impressive sculptures of Manolo Vald\u00e9s in Valencia, presented by the Fundici\u00f3n Eduardo Capa until 10 December.","og_url":"https:\/\/www.capaesculturas.com\/en\/disfrutamos-en-valencia-del-montaje-e-inauguracion-de-la-exposicion-de-manolo-valdes\/","og_site_name":"Capa esculturas","article_published_time":"2019-11-18T12:48:11+00:00","article_modified_time":"2024-06-05T15:17:07+00:00","og_image":[{"width":1528,"height":800,"url":"https:\/\/www.capaesculturas.com\/wp-content\/uploads\/esculturas-valencia.webp","type":"image\/webp"}],"author":"Capa","twitter_card":"summary_large_image","twitter_misc":{"Written by":"Capa","Estimated reading time":"1 minute"},"schema":{"@context":"https:\/\/schema.org","@graph":[{"@type":["Article","BlogPosting"],"@id":"https:\/\/www.capaesculturas.com\/en\/disfrutamos-en-valencia-del-montaje-e-inauguracion-de-la-exposicion-de-manolo-valdes\/#article","isPartOf":{"@id":"https:\/\/www.capaesculturas.com\/en\/disfrutamos-en-valencia-del-montaje-e-inauguracion-de-la-exposicion-de-manolo-valdes\/"},"author":{"name":"Capa","@id":"https:\/\/www.capaesculturas.com\/en\/#\/schema\/person\/824340306818e4b7b3a8962549a35898"},"headline":"We enjoyed the installation and opening of the Manolo Vald\u00e9s exhibition in Valencia.","datePublished":"2019-11-18T12:48:11+00:00","dateModified":"2024-06-05T15:17:07+00:00","mainEntityOfPage":{"@id":"https:\/\/www.capaesculturas.com\/en\/disfrutamos-en-valencia-del-montaje-e-inauguracion-de-la-exposicion-de-manolo-valdes\/"},"wordCount":286,"commentCount":0,"publisher":{"@id":"https:\/\/www.capaesculturas.com\/en\/#organization"},"image":{"@id":"https:\/\/www.capaesculturas.com\/en\/disfrutamos-en-valencia-del-montaje-e-inauguracion-de-la-exposicion-de-manolo-valdes\/#primaryimage"},"thumbnailUrl":"https:\/\/www.capaesculturas.com\/wp-content\/uploads\/esculturas-valencia.webp","articleSection":["News"],"inLanguage":"en-GB","potentialAction":[{"@type":"CommentAction","name":"Comment","target":["https:\/\/www.capaesculturas.com\/en\/disfrutamos-en-valencia-del-montaje-e-inauguracion-de-la-exposicion-de-manolo-valdes\/#respond"]}]},{"@type":["WebPage","ItemPage"],"@id":"https:\/\/www.capaesculturas.com\/en\/disfrutamos-en-valencia-del-montaje-e-inauguracion-de-la-exposicion-de-manolo-valdes\/","url":"https:\/\/www.capaesculturas.com\/en\/disfrutamos-en-valencia-del-montaje-e-inauguracion-de-la-exposicion-de-manolo-valdes\/","name":"Exhibition of the works of Manolo Vald\u00e9s in Valencia - Capa Esculturas","isPartOf":{"@id":"https:\/\/www.capaesculturas.com\/en\/#website"},"primaryImageOfPage":{"@id":"https:\/\/www.capaesculturas.com\/en\/disfrutamos-en-valencia-del-montaje-e-inauguracion-de-la-exposicion-de-manolo-valdes\/#primaryimage"},"image":{"@id":"https:\/\/www.capaesculturas.com\/en\/disfrutamos-en-valencia-del-montaje-e-inauguracion-de-la-exposicion-de-manolo-valdes\/#primaryimage"},"thumbnailUrl":"https:\/\/www.capaesculturas.com\/wp-content\/uploads\/esculturas-valencia.webp","datePublished":"2019-11-18T12:48:11+00:00","dateModified":"2024-06-05T15:17:07+00:00","description":"Explore the impressive sculptures of Manolo Vald\u00e9s in Valencia, presented by the Fundici\u00f3n Eduardo Capa until 10 December.","breadcrumb":{"@id":"https:\/\/www.capaesculturas.com\/en\/disfrutamos-en-valencia-del-montaje-e-inauguracion-de-la-exposicion-de-manolo-valdes\/#breadcrumb"},"inLanguage":"en-GB","potentialAction":[{"@type":"ReadAction","target":["https:\/\/www.capaesculturas.com\/en\/disfrutamos-en-valencia-del-montaje-e-inauguracion-de-la-exposicion-de-manolo-valdes\/"]}]},{"@type":"ImageObject","inLanguage":"en-GB","@id":"https:\/\/www.capaesculturas.com\/en\/disfrutamos-en-valencia-del-montaje-e-inauguracion-de-la-exposicion-de-manolo-valdes\/#primaryimage","url":"https:\/\/www.capaesculturas.com\/wp-content\/uploads\/esculturas-valencia.webp","contentUrl":"https:\/\/www.capaesculturas.com\/wp-content\/uploads\/esculturas-valencia.webp","width":1528,"height":800},{"@type":"BreadcrumbList","@id":"https:\/\/www.capaesculturas.com\/en\/disfrutamos-en-valencia-del-montaje-e-inauguracion-de-la-exposicion-de-manolo-valdes\/#breadcrumb","itemListElement":[{"@type":"ListItem","position":1,"name":"Portada","item":"https:\/\/www.capaesculturas.com\/en\/homepage\/"},{"@type":"ListItem","position":2,"name":"We enjoyed the installation and opening of the Manolo Vald\u00e9s exhibition in Valencia."}]},{"@type":"WebSite","@id":"https:\/\/www.capaesculturas.com\/en\/#website","url":"https:\/\/www.capaesculturas.com\/en\/","name":"Capa Esculturas","description":"Fundici\u00f3n y taller de referencia en el \u00e1mbito escult\u00f3rico","publisher":{"@id":"https:\/\/www.capaesculturas.com\/en\/#organization"},"alternateName":"Fundici\u00f3n de Esculturas Capa","potentialAction":[{"@type":"SearchAction","target":{"@type":"EntryPoint","urlTemplate":"https:\/\/www.capaesculturas.com\/en\/?s={search_term_string}"},"query-input":{"@type":"PropertyValueSpecification","valueRequired":true,"valueName":"search_term_string"}}],"inLanguage":"en-GB"},{"@type":"Organization","@id":"https:\/\/www.capaesculturas.com\/en\/#organization","name":"Capa Esculturas","alternateName":"Fundici\u00f3n y taller de referencia en el \u00e1mbito escult\u00f3rico","url":"https:\/\/www.capaesculturas.com\/en\/","logo":{"@type":"ImageObject","inLanguage":"en-GB","@id":"https:\/\/www.capaesculturas.com\/en\/#\/schema\/logo\/image\/","url":"https:\/\/www.capaesculturas.com\/wp-content\/uploads\/capa-esculturas-eps.png","contentUrl":"https:\/\/www.capaesculturas.com\/wp-content\/uploads\/capa-esculturas-eps.png","width":1911,"height":1904,"caption":"Capa Esculturas"},"image":{"@id":"https:\/\/www.capaesculturas.com\/en\/#\/schema\/logo\/image\/"}},{"@type":"Person","@id":"https:\/\/www.capaesculturas.com\/en\/#\/schema\/person\/824340306818e4b7b3a8962549a35898","name":"Capa","image":{"@type":"ImageObject","inLanguage":"en-GB","@id":"https:\/\/www.capaesculturas.com\/wp-content\/litespeed\/avatar\/894e8401b2b7be1b4bf113210f215739.jpg?ver=1777370652","url":"https:\/\/www.capaesculturas.com\/wp-content\/litespeed\/avatar\/894e8401b2b7be1b4bf113210f215739.jpg?ver=1777370652","contentUrl":"https:\/\/www.capaesculturas.com\/wp-content\/litespeed\/avatar\/894e8401b2b7be1b4bf113210f215739.jpg?ver=1777370652","caption":"Capa"},"url":"https:\/\/www.capaesculturas.com\/en\/author\/capa\/"}]}},"_links":{"self":[{"href":"https:\/\/www.capaesculturas.com\/en\/wp-json\/wp\/v2\/posts\/4750","targetHints":{"allow":["GET"]}}],"collection":[{"href":"https:\/\/www.capaesculturas.com\/en\/wp-json\/wp\/v2\/posts"}],"about":[{"href":"https:\/\/www.capaesculturas.com\/en\/wp-json\/wp\/v2\/types\/post"}],"author":[{"embeddable":true,"href":"https:\/\/www.capaesculturas.com\/en\/wp-json\/wp\/v2\/users\/3"}],"replies":[{"embeddable":true,"href":"https:\/\/www.capaesculturas.com\/en\/wp-json\/wp\/v2\/comments?post=4750"}],"version-history":[{"count":5,"href":"https:\/\/www.capaesculturas.com\/en\/wp-json\/wp\/v2\/posts\/4750\/revisions"}],"predecessor-version":[{"id":6072,"href":"https:\/\/www.capaesculturas.com\/en\/wp-json\/wp\/v2\/posts\/4750\/revisions\/6072"}],"wp:featuredmedia":[{"embeddable":true,"href":"https:\/\/www.capaesculturas.com\/en\/wp-json\/wp\/v2\/media\/4061"}],"wp:attachment":[{"href":"https:\/\/www.capaesculturas.com\/en\/wp-json\/wp\/v2\/media?parent=4750"}],"wp:term":[{"taxonomy":"category","embeddable":true,"href":"https:\/\/www.capaesculturas.com\/en\/wp-json\/wp\/v2\/categories?post=4750"},{"taxonomy":"post_tag","embeddable":true,"href":"https:\/\/www.capaesculturas.com\/en\/wp-json\/wp\/v2\/tags?post=4750"}],"curies":[{"name":"wp","href":"https:\/\/api.w.org\/{rel}","templated":true}]}}