{"id":4738,"date":"2019-11-19T13:45:51","date_gmt":"2019-11-19T12:45:51","guid":{"rendered":"https:\/\/www.capaesculturas.com\/manolo-valdes-y-la-fundicion-capa-juntos-en-paris\/"},"modified":"2024-06-05T16:17:41","modified_gmt":"2024-06-05T15:17:41","slug":"manolo-valdes-y-la-fundicion-capa-juntos-en-paris","status":"publish","type":"post","link":"https:\/\/www.capaesculturas.com\/en\/manolo-valdes-y-la-fundicion-capa-juntos-en-paris\/","title":{"rendered":"Manolo Vald\u00e9s and the Capa foundry together in Paris"},"content":{"rendered":"\n<p>From 8 September to 5 October 2016, the legendary Place Vend\u00f4me in Paris was the setting for a unique exhibition. Manolo Vald\u00e9s, in collaboration with the <a href=\"https:\/\/galeriamarlborough.com\/\">Marlborough Gallery<\/a>, presented six spectacular works in this emblematic location. These colossal sculptures, created to have \u2018different lives and personalities through the seasons\u2019, were executed and assembled by the Capa Foundry.<\/p>\n\n<h2 class=\"wp-block-heading\"><strong>The responsibility of the foundry Capa<\/strong><\/h2>\n\n<p>The Capa Foundry had the honour and responsibility of executing and mounting these six monumental works by Manolo Vald\u00e9s in the Place Vend\u00f4me. With their experience and expertise in the art of casting, the Capa Foundry ensured that each sculpture was presented with the quality and care it deserved, highlighting the artistic vision of the renowned artist.<\/p>\n\n<h2 class=\"wp-block-heading\"><strong>Collaboration in the creation of works of art<\/strong><\/h2>\n\n<p>The collaboration between Manolo Vald\u00e9s and the Capa Foundry is a testimony to the importance of teamwork in the art world. By pooling their talents and resources, they were able to put on a monumental art exhibition that captivated onlookers in Paris.<\/p>\n\n<h2 class=\"wp-block-heading\"><strong>The legacy of the sculptures in Place Vend\u00f4me<\/strong><\/h2>\n\n<p>These six sculptures, installed in the Place Vend\u00f4me during the period of the exhibition, left an indelible mark on the urban landscape of Paris. With their imposing presence and intrinsic beauty, they continued to inspire and delight those who had the privilege of contemplating them, even after the exhibition came to an end.<\/p>\n\n<h2 class=\"wp-block-heading\"><strong>Celebrating creativity and collaboration<\/strong><\/h2>\n\n<p>The collaboration between Manolo Vald\u00e9s and the Capa Foundry at Place Vend\u00f4me in Paris was a tribute to creativity, artistic excellence and collaboration. The collaboration between Manolo Vald\u00e9s and the Capa Foundry at Place Vend\u00f4me in Paris was a tribute to creativity, artistic excellence and collaboration.<\/p>\n\n<p>Take a look at our <a href=\"https:\/\/www.capaesculturas.com\/en\/realized-works\/\">completed work here<\/a>.<\/p>\n\n<figure class=\"wp-block-gallery has-nested-images columns-default is-cropped wp-block-gallery-1 is-layout-flex wp-block-gallery-is-layout-flex\">\n<figure class=\"wp-block-image size-large\"><img fetchpriority=\"high\" decoding=\"async\" width=\"625\" height=\"469\" data-id=\"2185\" src=\"https:\/\/www.capaesculturas.com\/wp-content\/uploads\/IMG_4367-625x469-1.jpg\" alt=\"\" class=\"wp-image-2185\"\/><\/figure>\n\n\n\n<figure class=\"wp-block-image size-large\"><img decoding=\"async\" width=\"550\" height=\"413\" data-id=\"2184\" src=\"https:\/\/www.capaesculturas.com\/wp-content\/uploads\/IMG_4370-550x413-1.jpg\" alt=\"\" class=\"wp-image-2184\"\/><\/figure>\n\n\n\n<figure class=\"wp-block-image size-large\"><img decoding=\"async\" width=\"625\" height=\"417\" data-id=\"2188\" src=\"https:\/\/www.capaesculturas.com\/wp-content\/uploads\/IMG_8559-625x417-1.jpg\" alt=\"\" class=\"wp-image-2188\"\/><\/figure>\n\n\n\n<figure class=\"wp-block-image size-large\"><img loading=\"lazy\" decoding=\"async\" width=\"625\" height=\"416\" data-id=\"2186\" src=\"https:\/\/www.capaesculturas.com\/wp-content\/uploads\/IMG_8713-625x416-1.jpg\" alt=\"\" class=\"wp-image-2186\"\/><\/figure>\n\n\n\n<figure class=\"wp-block-image size-large\"><img loading=\"lazy\" decoding=\"async\" width=\"550\" height=\"386\" data-id=\"2187\" src=\"https:\/\/www.capaesculturas.com\/wp-content\/uploads\/IMG_8722-550x386-1.jpg\" alt=\"\" class=\"wp-image-2187\"\/><\/figure>\n<\/figure>\n","protected":false},"excerpt":{"rendered":"<p>From 8 September to 5 October 2016, the legendary Place Vend\u00f4me in Paris was the setting for a unique exhibition. Manolo Vald\u00e9s, in collaboration with the Marlborough Gallery, presented six spectacular works in this emblematic location. These colossal sculptures, created to have \u2018different lives and personalities through the seasons\u2019, were executed and assembled by the &#8230; <a title=\"Manolo Vald\u00e9s and the Capa foundry together in Paris\" class=\"read-more\" href=\"https:\/\/www.capaesculturas.com\/en\/manolo-valdes-y-la-fundicion-capa-juntos-en-paris\/\" aria-label=\"Read more about Manolo Vald\u00e9s and the Capa foundry together in Paris\">Read more<\/a><\/p>\n","protected":false},"author":3,"featured_media":4099,"comment_status":"open","ping_status":"open","sticky":false,"template":"","format":"standard","meta":{"_acf_changed":false,"footnotes":""},"categories":[37],"tags":[],"class_list":["post-4738","post","type-post","status-publish","format-standard","has-post-thumbnail","hentry","category-artists"],"acf":[],"yoast_head":"<!-- This site is optimized with the Yoast SEO plugin v27.4 - https:\/\/yoast.com\/product\/yoast-seo-wordpress\/ -->\n<title>Manolo Vald\u00e9s and the Capa foundry together in Paris - Capa esculturas<\/title>\n<meta name=\"description\" content=\"Discover the collaboration between Manolo Vald\u00e9s and the Capa Foundry at Place Vend\u00f4me in Paris. A monumental art exhibition\" \/>\n<meta name=\"robots\" content=\"index, follow, max-snippet:-1, max-image-preview:large, max-video-preview:-1\" \/>\n<link rel=\"canonical\" href=\"https:\/\/www.capaesculturas.com\/en\/manolo-valdes-y-la-fundicion-capa-juntos-en-paris\/\" \/>\n<meta property=\"og:locale\" content=\"en_GB\" \/>\n<meta property=\"og:type\" content=\"article\" \/>\n<meta property=\"og:title\" content=\"Manolo Vald\u00e9s and the Capa foundry together in Paris - Capa esculturas\" \/>\n<meta property=\"og:description\" content=\"Discover the collaboration between Manolo Vald\u00e9s and the Capa Foundry at Place Vend\u00f4me in Paris. A monumental art exhibition\" \/>\n<meta property=\"og:url\" content=\"https:\/\/www.capaesculturas.com\/en\/manolo-valdes-y-la-fundicion-capa-juntos-en-paris\/\" \/>\n<meta property=\"og:site_name\" content=\"Capa esculturas\" \/>\n<meta property=\"article:published_time\" content=\"2019-11-19T12:45:51+00:00\" \/>\n<meta property=\"article:modified_time\" content=\"2024-06-05T15:17:41+00:00\" \/>\n<meta property=\"og:image\" content=\"https:\/\/www.capaesculturas.com\/wp-content\/uploads\/paris.webp\" \/>\n\t<meta property=\"og:image:width\" content=\"900\" \/>\n\t<meta property=\"og:image:height\" content=\"675\" \/>\n\t<meta property=\"og:image:type\" content=\"image\/webp\" \/>\n<meta name=\"author\" content=\"Capa\" \/>\n<meta name=\"twitter:card\" content=\"summary_large_image\" \/>\n<meta name=\"twitter:label1\" content=\"Written by\" \/>\n\t<meta name=\"twitter:data1\" content=\"Capa\" \/>\n\t<meta name=\"twitter:label2\" content=\"Estimated reading time\" \/>\n\t<meta name=\"twitter:data2\" content=\"2 minutes\" \/>\n<script type=\"application\/ld+json\" class=\"yoast-schema-graph\">{\"@context\":\"https:\\\/\\\/schema.org\",\"@graph\":[{\"@type\":[\"Article\",\"BlogPosting\"],\"@id\":\"https:\\\/\\\/www.capaesculturas.com\\\/en\\\/manolo-valdes-y-la-fundicion-capa-juntos-en-paris\\\/#article\",\"isPartOf\":{\"@id\":\"https:\\\/\\\/www.capaesculturas.com\\\/en\\\/manolo-valdes-y-la-fundicion-capa-juntos-en-paris\\\/\"},\"author\":{\"name\":\"Capa\",\"@id\":\"https:\\\/\\\/www.capaesculturas.com\\\/en\\\/#\\\/schema\\\/person\\\/824340306818e4b7b3a8962549a35898\"},\"headline\":\"Manolo Vald\u00e9s and the Capa foundry together in Paris\",\"datePublished\":\"2019-11-19T12:45:51+00:00\",\"dateModified\":\"2024-06-05T15:17:41+00:00\",\"mainEntityOfPage\":{\"@id\":\"https:\\\/\\\/www.capaesculturas.com\\\/en\\\/manolo-valdes-y-la-fundicion-capa-juntos-en-paris\\\/\"},\"wordCount\":307,\"commentCount\":0,\"publisher\":{\"@id\":\"https:\\\/\\\/www.capaesculturas.com\\\/en\\\/#organization\"},\"image\":{\"@id\":\"https:\\\/\\\/www.capaesculturas.com\\\/en\\\/manolo-valdes-y-la-fundicion-capa-juntos-en-paris\\\/#primaryimage\"},\"thumbnailUrl\":\"https:\\\/\\\/www.capaesculturas.com\\\/wp-content\\\/uploads\\\/paris.webp\",\"articleSection\":[\"Artists\"],\"inLanguage\":\"en-GB\",\"potentialAction\":[{\"@type\":\"CommentAction\",\"name\":\"Comment\",\"target\":[\"https:\\\/\\\/www.capaesculturas.com\\\/en\\\/manolo-valdes-y-la-fundicion-capa-juntos-en-paris\\\/#respond\"]}]},{\"@type\":[\"WebPage\",\"ItemPage\"],\"@id\":\"https:\\\/\\\/www.capaesculturas.com\\\/en\\\/manolo-valdes-y-la-fundicion-capa-juntos-en-paris\\\/\",\"url\":\"https:\\\/\\\/www.capaesculturas.com\\\/en\\\/manolo-valdes-y-la-fundicion-capa-juntos-en-paris\\\/\",\"name\":\"Manolo Vald\u00e9s and the Capa foundry together in Paris - Capa esculturas\",\"isPartOf\":{\"@id\":\"https:\\\/\\\/www.capaesculturas.com\\\/en\\\/#website\"},\"primaryImageOfPage\":{\"@id\":\"https:\\\/\\\/www.capaesculturas.com\\\/en\\\/manolo-valdes-y-la-fundicion-capa-juntos-en-paris\\\/#primaryimage\"},\"image\":{\"@id\":\"https:\\\/\\\/www.capaesculturas.com\\\/en\\\/manolo-valdes-y-la-fundicion-capa-juntos-en-paris\\\/#primaryimage\"},\"thumbnailUrl\":\"https:\\\/\\\/www.capaesculturas.com\\\/wp-content\\\/uploads\\\/paris.webp\",\"datePublished\":\"2019-11-19T12:45:51+00:00\",\"dateModified\":\"2024-06-05T15:17:41+00:00\",\"description\":\"Discover the collaboration between Manolo Vald\u00e9s and the Capa Foundry at Place Vend\u00f4me in Paris. A monumental art exhibition\",\"breadcrumb\":{\"@id\":\"https:\\\/\\\/www.capaesculturas.com\\\/en\\\/manolo-valdes-y-la-fundicion-capa-juntos-en-paris\\\/#breadcrumb\"},\"inLanguage\":\"en-GB\",\"potentialAction\":[{\"@type\":\"ReadAction\",\"target\":[\"https:\\\/\\\/www.capaesculturas.com\\\/en\\\/manolo-valdes-y-la-fundicion-capa-juntos-en-paris\\\/\"]}]},{\"@type\":\"ImageObject\",\"inLanguage\":\"en-GB\",\"@id\":\"https:\\\/\\\/www.capaesculturas.com\\\/en\\\/manolo-valdes-y-la-fundicion-capa-juntos-en-paris\\\/#primaryimage\",\"url\":\"https:\\\/\\\/www.capaesculturas.com\\\/wp-content\\\/uploads\\\/paris.webp\",\"contentUrl\":\"https:\\\/\\\/www.capaesculturas.com\\\/wp-content\\\/uploads\\\/paris.webp\",\"width\":900,\"height\":675},{\"@type\":\"BreadcrumbList\",\"@id\":\"https:\\\/\\\/www.capaesculturas.com\\\/en\\\/manolo-valdes-y-la-fundicion-capa-juntos-en-paris\\\/#breadcrumb\",\"itemListElement\":[{\"@type\":\"ListItem\",\"position\":1,\"name\":\"Portada\",\"item\":\"https:\\\/\\\/www.capaesculturas.com\\\/en\\\/homepage\\\/\"},{\"@type\":\"ListItem\",\"position\":2,\"name\":\"Manolo Vald\u00e9s and the Capa foundry together in Paris\"}]},{\"@type\":\"WebSite\",\"@id\":\"https:\\\/\\\/www.capaesculturas.com\\\/en\\\/#website\",\"url\":\"https:\\\/\\\/www.capaesculturas.com\\\/en\\\/\",\"name\":\"Capa Esculturas\",\"description\":\"Fundici\u00f3n y taller de referencia en el \u00e1mbito escult\u00f3rico\",\"publisher\":{\"@id\":\"https:\\\/\\\/www.capaesculturas.com\\\/en\\\/#organization\"},\"alternateName\":\"Fundici\u00f3n de Esculturas Capa\",\"potentialAction\":[{\"@type\":\"SearchAction\",\"target\":{\"@type\":\"EntryPoint\",\"urlTemplate\":\"https:\\\/\\\/www.capaesculturas.com\\\/en\\\/?s={search_term_string}\"},\"query-input\":{\"@type\":\"PropertyValueSpecification\",\"valueRequired\":true,\"valueName\":\"search_term_string\"}}],\"inLanguage\":\"en-GB\"},{\"@type\":\"Organization\",\"@id\":\"https:\\\/\\\/www.capaesculturas.com\\\/en\\\/#organization\",\"name\":\"Capa Esculturas\",\"alternateName\":\"Fundici\u00f3n y taller de referencia en el \u00e1mbito escult\u00f3rico\",\"url\":\"https:\\\/\\\/www.capaesculturas.com\\\/en\\\/\",\"logo\":{\"@type\":\"ImageObject\",\"inLanguage\":\"en-GB\",\"@id\":\"https:\\\/\\\/www.capaesculturas.com\\\/en\\\/#\\\/schema\\\/logo\\\/image\\\/\",\"url\":\"https:\\\/\\\/www.capaesculturas.com\\\/wp-content\\\/uploads\\\/capa-esculturas-eps.png\",\"contentUrl\":\"https:\\\/\\\/www.capaesculturas.com\\\/wp-content\\\/uploads\\\/capa-esculturas-eps.png\",\"width\":1911,\"height\":1904,\"caption\":\"Capa Esculturas\"},\"image\":{\"@id\":\"https:\\\/\\\/www.capaesculturas.com\\\/en\\\/#\\\/schema\\\/logo\\\/image\\\/\"}},{\"@type\":\"Person\",\"@id\":\"https:\\\/\\\/www.capaesculturas.com\\\/en\\\/#\\\/schema\\\/person\\\/824340306818e4b7b3a8962549a35898\",\"name\":\"Capa\",\"image\":{\"@type\":\"ImageObject\",\"inLanguage\":\"en-GB\",\"@id\":\"https:\\\/\\\/www.capaesculturas.com\\\/wp-content\\\/litespeed\\\/avatar\\\/894e8401b2b7be1b4bf113210f215739.jpg?ver=1777370652\",\"url\":\"https:\\\/\\\/www.capaesculturas.com\\\/wp-content\\\/litespeed\\\/avatar\\\/894e8401b2b7be1b4bf113210f215739.jpg?ver=1777370652\",\"contentUrl\":\"https:\\\/\\\/www.capaesculturas.com\\\/wp-content\\\/litespeed\\\/avatar\\\/894e8401b2b7be1b4bf113210f215739.jpg?ver=1777370652\",\"caption\":\"Capa\"},\"url\":\"https:\\\/\\\/www.capaesculturas.com\\\/en\\\/author\\\/capa\\\/\"}]}<\/script>\n<!-- \/ Yoast SEO plugin. -->","yoast_head_json":{"title":"Manolo Vald\u00e9s and the Capa foundry together in Paris - Capa esculturas","description":"Discover the collaboration between Manolo Vald\u00e9s and the Capa Foundry at Place Vend\u00f4me in Paris. A monumental art exhibition","robots":{"index":"index","follow":"follow","max-snippet":"max-snippet:-1","max-image-preview":"max-image-preview:large","max-video-preview":"max-video-preview:-1"},"canonical":"https:\/\/www.capaesculturas.com\/en\/manolo-valdes-y-la-fundicion-capa-juntos-en-paris\/","og_locale":"en_GB","og_type":"article","og_title":"Manolo Vald\u00e9s and the Capa foundry together in Paris - Capa esculturas","og_description":"Discover the collaboration between Manolo Vald\u00e9s and the Capa Foundry at Place Vend\u00f4me in Paris. A monumental art exhibition","og_url":"https:\/\/www.capaesculturas.com\/en\/manolo-valdes-y-la-fundicion-capa-juntos-en-paris\/","og_site_name":"Capa esculturas","article_published_time":"2019-11-19T12:45:51+00:00","article_modified_time":"2024-06-05T15:17:41+00:00","og_image":[{"width":900,"height":675,"url":"https:\/\/www.capaesculturas.com\/wp-content\/uploads\/paris.webp","type":"image\/webp"}],"author":"Capa","twitter_card":"summary_large_image","twitter_misc":{"Written by":"Capa","Estimated reading time":"2 minutes"},"schema":{"@context":"https:\/\/schema.org","@graph":[{"@type":["Article","BlogPosting"],"@id":"https:\/\/www.capaesculturas.com\/en\/manolo-valdes-y-la-fundicion-capa-juntos-en-paris\/#article","isPartOf":{"@id":"https:\/\/www.capaesculturas.com\/en\/manolo-valdes-y-la-fundicion-capa-juntos-en-paris\/"},"author":{"name":"Capa","@id":"https:\/\/www.capaesculturas.com\/en\/#\/schema\/person\/824340306818e4b7b3a8962549a35898"},"headline":"Manolo Vald\u00e9s and the Capa foundry together in Paris","datePublished":"2019-11-19T12:45:51+00:00","dateModified":"2024-06-05T15:17:41+00:00","mainEntityOfPage":{"@id":"https:\/\/www.capaesculturas.com\/en\/manolo-valdes-y-la-fundicion-capa-juntos-en-paris\/"},"wordCount":307,"commentCount":0,"publisher":{"@id":"https:\/\/www.capaesculturas.com\/en\/#organization"},"image":{"@id":"https:\/\/www.capaesculturas.com\/en\/manolo-valdes-y-la-fundicion-capa-juntos-en-paris\/#primaryimage"},"thumbnailUrl":"https:\/\/www.capaesculturas.com\/wp-content\/uploads\/paris.webp","articleSection":["Artists"],"inLanguage":"en-GB","potentialAction":[{"@type":"CommentAction","name":"Comment","target":["https:\/\/www.capaesculturas.com\/en\/manolo-valdes-y-la-fundicion-capa-juntos-en-paris\/#respond"]}]},{"@type":["WebPage","ItemPage"],"@id":"https:\/\/www.capaesculturas.com\/en\/manolo-valdes-y-la-fundicion-capa-juntos-en-paris\/","url":"https:\/\/www.capaesculturas.com\/en\/manolo-valdes-y-la-fundicion-capa-juntos-en-paris\/","name":"Manolo Vald\u00e9s and the Capa foundry together in Paris - Capa esculturas","isPartOf":{"@id":"https:\/\/www.capaesculturas.com\/en\/#website"},"primaryImageOfPage":{"@id":"https:\/\/www.capaesculturas.com\/en\/manolo-valdes-y-la-fundicion-capa-juntos-en-paris\/#primaryimage"},"image":{"@id":"https:\/\/www.capaesculturas.com\/en\/manolo-valdes-y-la-fundicion-capa-juntos-en-paris\/#primaryimage"},"thumbnailUrl":"https:\/\/www.capaesculturas.com\/wp-content\/uploads\/paris.webp","datePublished":"2019-11-19T12:45:51+00:00","dateModified":"2024-06-05T15:17:41+00:00","description":"Discover the collaboration between Manolo Vald\u00e9s and the Capa Foundry at Place Vend\u00f4me in Paris. A monumental art exhibition","breadcrumb":{"@id":"https:\/\/www.capaesculturas.com\/en\/manolo-valdes-y-la-fundicion-capa-juntos-en-paris\/#breadcrumb"},"inLanguage":"en-GB","potentialAction":[{"@type":"ReadAction","target":["https:\/\/www.capaesculturas.com\/en\/manolo-valdes-y-la-fundicion-capa-juntos-en-paris\/"]}]},{"@type":"ImageObject","inLanguage":"en-GB","@id":"https:\/\/www.capaesculturas.com\/en\/manolo-valdes-y-la-fundicion-capa-juntos-en-paris\/#primaryimage","url":"https:\/\/www.capaesculturas.com\/wp-content\/uploads\/paris.webp","contentUrl":"https:\/\/www.capaesculturas.com\/wp-content\/uploads\/paris.webp","width":900,"height":675},{"@type":"BreadcrumbList","@id":"https:\/\/www.capaesculturas.com\/en\/manolo-valdes-y-la-fundicion-capa-juntos-en-paris\/#breadcrumb","itemListElement":[{"@type":"ListItem","position":1,"name":"Portada","item":"https:\/\/www.capaesculturas.com\/en\/homepage\/"},{"@type":"ListItem","position":2,"name":"Manolo Vald\u00e9s and the Capa foundry together in Paris"}]},{"@type":"WebSite","@id":"https:\/\/www.capaesculturas.com\/en\/#website","url":"https:\/\/www.capaesculturas.com\/en\/","name":"Capa Esculturas","description":"Fundici\u00f3n y taller de referencia en el \u00e1mbito escult\u00f3rico","publisher":{"@id":"https:\/\/www.capaesculturas.com\/en\/#organization"},"alternateName":"Fundici\u00f3n de Esculturas Capa","potentialAction":[{"@type":"SearchAction","target":{"@type":"EntryPoint","urlTemplate":"https:\/\/www.capaesculturas.com\/en\/?s={search_term_string}"},"query-input":{"@type":"PropertyValueSpecification","valueRequired":true,"valueName":"search_term_string"}}],"inLanguage":"en-GB"},{"@type":"Organization","@id":"https:\/\/www.capaesculturas.com\/en\/#organization","name":"Capa Esculturas","alternateName":"Fundici\u00f3n y taller de referencia en el \u00e1mbito escult\u00f3rico","url":"https:\/\/www.capaesculturas.com\/en\/","logo":{"@type":"ImageObject","inLanguage":"en-GB","@id":"https:\/\/www.capaesculturas.com\/en\/#\/schema\/logo\/image\/","url":"https:\/\/www.capaesculturas.com\/wp-content\/uploads\/capa-esculturas-eps.png","contentUrl":"https:\/\/www.capaesculturas.com\/wp-content\/uploads\/capa-esculturas-eps.png","width":1911,"height":1904,"caption":"Capa Esculturas"},"image":{"@id":"https:\/\/www.capaesculturas.com\/en\/#\/schema\/logo\/image\/"}},{"@type":"Person","@id":"https:\/\/www.capaesculturas.com\/en\/#\/schema\/person\/824340306818e4b7b3a8962549a35898","name":"Capa","image":{"@type":"ImageObject","inLanguage":"en-GB","@id":"https:\/\/www.capaesculturas.com\/wp-content\/litespeed\/avatar\/894e8401b2b7be1b4bf113210f215739.jpg?ver=1777370652","url":"https:\/\/www.capaesculturas.com\/wp-content\/litespeed\/avatar\/894e8401b2b7be1b4bf113210f215739.jpg?ver=1777370652","contentUrl":"https:\/\/www.capaesculturas.com\/wp-content\/litespeed\/avatar\/894e8401b2b7be1b4bf113210f215739.jpg?ver=1777370652","caption":"Capa"},"url":"https:\/\/www.capaesculturas.com\/en\/author\/capa\/"}]}},"_links":{"self":[{"href":"https:\/\/www.capaesculturas.com\/en\/wp-json\/wp\/v2\/posts\/4738","targetHints":{"allow":["GET"]}}],"collection":[{"href":"https:\/\/www.capaesculturas.com\/en\/wp-json\/wp\/v2\/posts"}],"about":[{"href":"https:\/\/www.capaesculturas.com\/en\/wp-json\/wp\/v2\/types\/post"}],"author":[{"embeddable":true,"href":"https:\/\/www.capaesculturas.com\/en\/wp-json\/wp\/v2\/users\/3"}],"replies":[{"embeddable":true,"href":"https:\/\/www.capaesculturas.com\/en\/wp-json\/wp\/v2\/comments?post=4738"}],"version-history":[{"count":5,"href":"https:\/\/www.capaesculturas.com\/en\/wp-json\/wp\/v2\/posts\/4738\/revisions"}],"predecessor-version":[{"id":6080,"href":"https:\/\/www.capaesculturas.com\/en\/wp-json\/wp\/v2\/posts\/4738\/revisions\/6080"}],"wp:featuredmedia":[{"embeddable":true,"href":"https:\/\/www.capaesculturas.com\/en\/wp-json\/wp\/v2\/media\/4099"}],"wp:attachment":[{"href":"https:\/\/www.capaesculturas.com\/en\/wp-json\/wp\/v2\/media?parent=4738"}],"wp:term":[{"taxonomy":"category","embeddable":true,"href":"https:\/\/www.capaesculturas.com\/en\/wp-json\/wp\/v2\/categories?post=4738"},{"taxonomy":"post_tag","embeddable":true,"href":"https:\/\/www.capaesculturas.com\/en\/wp-json\/wp\/v2\/tags?post=4738"}],"curies":[{"name":"wp","href":"https:\/\/api.w.org\/{rel}","templated":true}]}}