{"id":4734,"date":"2019-12-12T13:45:08","date_gmt":"2019-12-12T12:45:08","guid":{"rendered":"https:\/\/www.capaesculturas.com\/capa-participates-in-the-tribute-to-bahamontes\/"},"modified":"2024-06-04T15:39:45","modified_gmt":"2024-06-04T14:39:45","slug":"capa-participates-in-the-tribute-to-bahamontes","status":"publish","type":"post","link":"https:\/\/www.capaesculturas.com\/en\/capa-participates-in-the-tribute-to-bahamontes\/","title":{"rendered":"Capa takes part in the tribute to Bahamontes"},"content":{"rendered":"\n<p>6 May 2018 marked a special moment for Capa Esculturas, Javier Molina Gil and the <a href=\"https:\/\/fundacionsoliss.es\/\">Soliss Foundation<\/a>. Together, they participated in the creation of a statue dedicated to Federico Mart\u00edn Bahamontes, the legendary cyclist known as \u2018The Eagle of Toledo\u2019. The statue, which stands 1.90 metres high and is located on the Paseo de El Miradero in Toledo, pays tribute to Bahamontes as the first Spaniard to win the Tour de France in 1959.<\/p>\n\n<h2 class=\"wp-block-heading\"><strong>An act of vandalism<\/strong><\/h2>\n\n<p>Unfortunately, the statue of Bahamontes was vandalised in the early hours of 28 July 2019. This incident left the sculpture damaged, which generated great concern in the community and among the entities responsible for its care.<\/p>\n\n<h2 class=\"wp-block-heading\"><strong>Urgent repair<\/strong><\/h2>\n\n<p>The Toledo City Council and the Soliss Foundation quickly mobilised to request the urgent repair of the statue, especially due to a cycling event that was scheduled for 13 September, coinciding with the 60th anniversary of Bahamontes&#8217; triumph in the Tour de France.<\/p>\n\n<figure class=\"wp-block-image size-full\"><img fetchpriority=\"high\" decoding=\"async\" width=\"700\" height=\"466\" src=\"https:\/\/www.capaesculturas.com\/wp-content\/uploads\/behamonte2.jpg\" alt=\"\" class=\"wp-image-2170\"\/><\/figure>\n\n<div style=\"height:35px\" aria-hidden=\"true\" class=\"wp-block-spacer\"><\/div>\n\n<h2 class=\"wp-block-heading\"><strong>Commitment and restoration<\/strong><\/h2>\n\n<p>In response to this urgent request, Capa Esculturas made a full commitment to restore the statue in a timely manner. With a dedicated and meticulous effort, the complete restoration of the sculpture and its subsequent installation was carried out, ensuring that it was ready for the cycling event and to honour the legacy of Bahamontes.<\/p>\n\n<h2 class=\"wp-block-heading\"><strong>A permanent tribute<\/strong><\/h2>\n\n<p>The restoration of the Bahamontes statue was not only an act of physical reparation, but also an ongoing tribute to the iconic figure of Spanish cycling. The statue now stands as an eternal reminder of the achievements and greatness of \u2018The Eagle of Toledo\u2019, inspiring present and future generations.<\/p>\n\n<p>If you would like more information, please see <a href=\"https:\/\/www.capaesculturas.com\/en\/restoration-and-conservation\/\">our catering section here<\/a>.<\/p>\n\n<div style=\"height:35px\" aria-hidden=\"true\" class=\"wp-block-spacer\"><\/div>\n\n<p><\/p>\n\n<figure class=\"wp-block-embed is-type-video is-provider-youtube wp-block-embed-youtube wp-embed-aspect-16-9 wp-has-aspect-ratio\"><div class=\"wp-block-embed__wrapper\">\n<iframe title=\"Colocaci\u00f3n de la escultura de Bahamontes\" width=\"1200\" height=\"675\" src=\"https:\/\/www.youtube.com\/embed\/I7RdUhVpGGA?feature=oembed\" frameborder=\"0\" allow=\"accelerometer; autoplay; clipboard-write; encrypted-media; gyroscope; picture-in-picture; web-share\" allowfullscreen><\/iframe>\n<\/div><\/figure>\n\n<div style=\"height:35px\" aria-hidden=\"true\" class=\"wp-block-spacer\"><\/div>\n\n<figure class=\"wp-block-embed is-type-video is-provider-youtube wp-block-embed-youtube wp-embed-aspect-16-9 wp-has-aspect-ratio\"><div class=\"wp-block-embed__wrapper\">\n<iframe title=\"Homenaje de la ciudad de Toledo al exciclista Federico Mart\u00edn Bahamontes\" width=\"1200\" height=\"675\" src=\"https:\/\/www.youtube.com\/embed\/PwuDDYxUeSo?feature=oembed\" frameborder=\"0\" allow=\"accelerometer; autoplay; clipboard-write; encrypted-media; gyroscope; picture-in-picture; web-share\" allowfullscreen><\/iframe>\n<\/div><\/figure>\n\n<div style=\"height:35px\" aria-hidden=\"true\" class=\"wp-block-spacer\"><\/div>\n\n<figure class=\"wp-block-gallery has-nested-images columns-default is-cropped wp-block-gallery-1 is-layout-flex wp-block-gallery-is-layout-flex\">\n<figure class=\"wp-block-image size-large\"><img decoding=\"async\" width=\"700\" height=\"453\" data-id=\"2173\" src=\"https:\/\/www.capaesculturas.com\/wp-content\/uploads\/behamonte5.jpg\" alt=\"\" class=\"wp-image-2173\"\/><\/figure>\n\n\n\n<figure class=\"wp-block-image size-large\"><img decoding=\"async\" width=\"459\" height=\"510\" data-id=\"2172\" src=\"https:\/\/www.capaesculturas.com\/wp-content\/uploads\/behamonte3.jpg\" alt=\"\" class=\"wp-image-2172\"\/><\/figure>\n\n\n\n<figure class=\"wp-block-image size-large\"><img loading=\"lazy\" decoding=\"async\" width=\"700\" height=\"510\" data-id=\"2174\" src=\"https:\/\/www.capaesculturas.com\/wp-content\/uploads\/behamonte1.jpg\" alt=\"\" class=\"wp-image-2174\"\/><\/figure>\n<\/figure>\n","protected":false},"excerpt":{"rendered":"<p>6 May 2018 marked a special moment for Capa Esculturas, Javier Molina Gil and the Soliss Foundation. Together, they participated in the creation of a statue dedicated to Federico Mart\u00edn Bahamontes, the legendary cyclist known as \u2018The Eagle of Toledo\u2019. The statue, which stands 1.90 metres high and is located on the Paseo de El &#8230; <a title=\"Capa takes part in the tribute to Bahamontes\" class=\"read-more\" href=\"https:\/\/www.capaesculturas.com\/en\/capa-participates-in-the-tribute-to-bahamontes\/\" aria-label=\"Read more about Capa takes part in the tribute to Bahamontes\">Read more<\/a><\/p>\n","protected":false},"author":3,"featured_media":4091,"comment_status":"open","ping_status":"open","sticky":false,"template":"","format":"standard","meta":{"_acf_changed":false,"footnotes":""},"categories":[36],"tags":[],"class_list":["post-4734","post","type-post","status-publish","format-standard","has-post-thumbnail","hentry","category-news"],"acf":[],"yoast_head":"<!-- This site is optimized with the Yoast SEO plugin v27.4 - https:\/\/yoast.com\/product\/yoast-seo-wordpress\/ -->\n<title>Capa takes part in the tribute to Bahamontes - Capa esculturas<\/title>\n<meta name=\"description\" content=\"Discover how Capa Esculturas restored the statue of Bahamontes after an act of vandalism, honouring the iconic Spanish cyclist.\" \/>\n<meta name=\"robots\" content=\"index, follow, max-snippet:-1, max-image-preview:large, max-video-preview:-1\" \/>\n<link rel=\"canonical\" href=\"https:\/\/www.capaesculturas.com\/en\/capa-participates-in-the-tribute-to-bahamontes\/\" \/>\n<meta property=\"og:locale\" content=\"en_GB\" \/>\n<meta property=\"og:type\" content=\"article\" \/>\n<meta property=\"og:title\" content=\"Capa takes part in the tribute to Bahamontes - Capa esculturas\" \/>\n<meta property=\"og:description\" content=\"Discover how Capa Esculturas restored the statue of Bahamontes after an act of vandalism, honouring the iconic Spanish cyclist.\" \/>\n<meta property=\"og:url\" content=\"https:\/\/www.capaesculturas.com\/en\/capa-participates-in-the-tribute-to-bahamontes\/\" \/>\n<meta property=\"og:site_name\" content=\"Capa esculturas\" \/>\n<meta property=\"article:published_time\" content=\"2019-12-12T12:45:08+00:00\" \/>\n<meta property=\"article:modified_time\" content=\"2024-06-04T14:39:45+00:00\" \/>\n<meta property=\"og:image\" content=\"https:\/\/www.capaesculturas.com\/wp-content\/uploads\/behamonte6.jpg\" \/>\n\t<meta property=\"og:image:width\" content=\"700\" \/>\n\t<meta property=\"og:image:height\" content=\"453\" \/>\n\t<meta property=\"og:image:type\" content=\"image\/jpeg\" \/>\n<meta name=\"author\" content=\"Capa\" \/>\n<meta name=\"twitter:card\" content=\"summary_large_image\" \/>\n<meta name=\"twitter:label1\" content=\"Written by\" \/>\n\t<meta name=\"twitter:data1\" content=\"Capa\" \/>\n\t<meta name=\"twitter:label2\" content=\"Estimated reading time\" \/>\n\t<meta name=\"twitter:data2\" content=\"2 minutes\" \/>\n<script type=\"application\/ld+json\" class=\"yoast-schema-graph\">{\"@context\":\"https:\\\/\\\/schema.org\",\"@graph\":[{\"@type\":[\"Article\",\"BlogPosting\"],\"@id\":\"https:\\\/\\\/www.capaesculturas.com\\\/en\\\/capa-participates-in-the-tribute-to-bahamontes\\\/#article\",\"isPartOf\":{\"@id\":\"https:\\\/\\\/www.capaesculturas.com\\\/en\\\/capa-participates-in-the-tribute-to-bahamontes\\\/\"},\"author\":{\"name\":\"Capa\",\"@id\":\"https:\\\/\\\/www.capaesculturas.com\\\/en\\\/#\\\/schema\\\/person\\\/824340306818e4b7b3a8962549a35898\"},\"headline\":\"Capa takes part in the tribute to Bahamontes\",\"datePublished\":\"2019-12-12T12:45:08+00:00\",\"dateModified\":\"2024-06-04T14:39:45+00:00\",\"mainEntityOfPage\":{\"@id\":\"https:\\\/\\\/www.capaesculturas.com\\\/en\\\/capa-participates-in-the-tribute-to-bahamontes\\\/\"},\"wordCount\":298,\"commentCount\":0,\"publisher\":{\"@id\":\"https:\\\/\\\/www.capaesculturas.com\\\/en\\\/#organization\"},\"image\":{\"@id\":\"https:\\\/\\\/www.capaesculturas.com\\\/en\\\/capa-participates-in-the-tribute-to-bahamontes\\\/#primaryimage\"},\"thumbnailUrl\":\"https:\\\/\\\/www.capaesculturas.com\\\/wp-content\\\/uploads\\\/behamonte6.jpg\",\"articleSection\":[\"News\"],\"inLanguage\":\"en-GB\",\"potentialAction\":[{\"@type\":\"CommentAction\",\"name\":\"Comment\",\"target\":[\"https:\\\/\\\/www.capaesculturas.com\\\/en\\\/capa-participates-in-the-tribute-to-bahamontes\\\/#respond\"]}]},{\"@type\":[\"WebPage\",\"ItemPage\"],\"@id\":\"https:\\\/\\\/www.capaesculturas.com\\\/en\\\/capa-participates-in-the-tribute-to-bahamontes\\\/\",\"url\":\"https:\\\/\\\/www.capaesculturas.com\\\/en\\\/capa-participates-in-the-tribute-to-bahamontes\\\/\",\"name\":\"Capa takes part in the tribute to Bahamontes - Capa esculturas\",\"isPartOf\":{\"@id\":\"https:\\\/\\\/www.capaesculturas.com\\\/en\\\/#website\"},\"primaryImageOfPage\":{\"@id\":\"https:\\\/\\\/www.capaesculturas.com\\\/en\\\/capa-participates-in-the-tribute-to-bahamontes\\\/#primaryimage\"},\"image\":{\"@id\":\"https:\\\/\\\/www.capaesculturas.com\\\/en\\\/capa-participates-in-the-tribute-to-bahamontes\\\/#primaryimage\"},\"thumbnailUrl\":\"https:\\\/\\\/www.capaesculturas.com\\\/wp-content\\\/uploads\\\/behamonte6.jpg\",\"datePublished\":\"2019-12-12T12:45:08+00:00\",\"dateModified\":\"2024-06-04T14:39:45+00:00\",\"description\":\"Discover how Capa Esculturas restored the statue of Bahamontes after an act of vandalism, honouring the iconic Spanish cyclist.\",\"breadcrumb\":{\"@id\":\"https:\\\/\\\/www.capaesculturas.com\\\/en\\\/capa-participates-in-the-tribute-to-bahamontes\\\/#breadcrumb\"},\"inLanguage\":\"en-GB\",\"potentialAction\":[{\"@type\":\"ReadAction\",\"target\":[\"https:\\\/\\\/www.capaesculturas.com\\\/en\\\/capa-participates-in-the-tribute-to-bahamontes\\\/\"]}]},{\"@type\":\"ImageObject\",\"inLanguage\":\"en-GB\",\"@id\":\"https:\\\/\\\/www.capaesculturas.com\\\/en\\\/capa-participates-in-the-tribute-to-bahamontes\\\/#primaryimage\",\"url\":\"https:\\\/\\\/www.capaesculturas.com\\\/wp-content\\\/uploads\\\/behamonte6.jpg\",\"contentUrl\":\"https:\\\/\\\/www.capaesculturas.com\\\/wp-content\\\/uploads\\\/behamonte6.jpg\",\"width\":700,\"height\":453},{\"@type\":\"BreadcrumbList\",\"@id\":\"https:\\\/\\\/www.capaesculturas.com\\\/en\\\/capa-participates-in-the-tribute-to-bahamontes\\\/#breadcrumb\",\"itemListElement\":[{\"@type\":\"ListItem\",\"position\":1,\"name\":\"Portada\",\"item\":\"https:\\\/\\\/www.capaesculturas.com\\\/en\\\/homepage\\\/\"},{\"@type\":\"ListItem\",\"position\":2,\"name\":\"Capa takes part in the tribute to Bahamontes\"}]},{\"@type\":\"WebSite\",\"@id\":\"https:\\\/\\\/www.capaesculturas.com\\\/en\\\/#website\",\"url\":\"https:\\\/\\\/www.capaesculturas.com\\\/en\\\/\",\"name\":\"Capa Esculturas\",\"description\":\"Fundici\u00f3n y taller de referencia en el \u00e1mbito escult\u00f3rico\",\"publisher\":{\"@id\":\"https:\\\/\\\/www.capaesculturas.com\\\/en\\\/#organization\"},\"alternateName\":\"Fundici\u00f3n de Esculturas Capa\",\"potentialAction\":[{\"@type\":\"SearchAction\",\"target\":{\"@type\":\"EntryPoint\",\"urlTemplate\":\"https:\\\/\\\/www.capaesculturas.com\\\/en\\\/?s={search_term_string}\"},\"query-input\":{\"@type\":\"PropertyValueSpecification\",\"valueRequired\":true,\"valueName\":\"search_term_string\"}}],\"inLanguage\":\"en-GB\"},{\"@type\":\"Organization\",\"@id\":\"https:\\\/\\\/www.capaesculturas.com\\\/en\\\/#organization\",\"name\":\"Capa Esculturas\",\"alternateName\":\"Fundici\u00f3n y taller de referencia en el \u00e1mbito escult\u00f3rico\",\"url\":\"https:\\\/\\\/www.capaesculturas.com\\\/en\\\/\",\"logo\":{\"@type\":\"ImageObject\",\"inLanguage\":\"en-GB\",\"@id\":\"https:\\\/\\\/www.capaesculturas.com\\\/en\\\/#\\\/schema\\\/logo\\\/image\\\/\",\"url\":\"https:\\\/\\\/www.capaesculturas.com\\\/wp-content\\\/uploads\\\/capa-esculturas-eps.png\",\"contentUrl\":\"https:\\\/\\\/www.capaesculturas.com\\\/wp-content\\\/uploads\\\/capa-esculturas-eps.png\",\"width\":1911,\"height\":1904,\"caption\":\"Capa Esculturas\"},\"image\":{\"@id\":\"https:\\\/\\\/www.capaesculturas.com\\\/en\\\/#\\\/schema\\\/logo\\\/image\\\/\"}},{\"@type\":\"Person\",\"@id\":\"https:\\\/\\\/www.capaesculturas.com\\\/en\\\/#\\\/schema\\\/person\\\/824340306818e4b7b3a8962549a35898\",\"name\":\"Capa\",\"image\":{\"@type\":\"ImageObject\",\"inLanguage\":\"en-GB\",\"@id\":\"https:\\\/\\\/www.capaesculturas.com\\\/wp-content\\\/litespeed\\\/avatar\\\/894e8401b2b7be1b4bf113210f215739.jpg?ver=1777370652\",\"url\":\"https:\\\/\\\/www.capaesculturas.com\\\/wp-content\\\/litespeed\\\/avatar\\\/894e8401b2b7be1b4bf113210f215739.jpg?ver=1777370652\",\"contentUrl\":\"https:\\\/\\\/www.capaesculturas.com\\\/wp-content\\\/litespeed\\\/avatar\\\/894e8401b2b7be1b4bf113210f215739.jpg?ver=1777370652\",\"caption\":\"Capa\"},\"url\":\"https:\\\/\\\/www.capaesculturas.com\\\/en\\\/author\\\/capa\\\/\"}]}<\/script>\n<!-- \/ Yoast SEO plugin. -->","yoast_head_json":{"title":"Capa takes part in the tribute to Bahamontes - Capa esculturas","description":"Discover how Capa Esculturas restored the statue of Bahamontes after an act of vandalism, honouring the iconic Spanish cyclist.","robots":{"index":"index","follow":"follow","max-snippet":"max-snippet:-1","max-image-preview":"max-image-preview:large","max-video-preview":"max-video-preview:-1"},"canonical":"https:\/\/www.capaesculturas.com\/en\/capa-participates-in-the-tribute-to-bahamontes\/","og_locale":"en_GB","og_type":"article","og_title":"Capa takes part in the tribute to Bahamontes - Capa esculturas","og_description":"Discover how Capa Esculturas restored the statue of Bahamontes after an act of vandalism, honouring the iconic Spanish cyclist.","og_url":"https:\/\/www.capaesculturas.com\/en\/capa-participates-in-the-tribute-to-bahamontes\/","og_site_name":"Capa esculturas","article_published_time":"2019-12-12T12:45:08+00:00","article_modified_time":"2024-06-04T14:39:45+00:00","og_image":[{"width":700,"height":453,"url":"https:\/\/www.capaesculturas.com\/wp-content\/uploads\/behamonte6.jpg","type":"image\/jpeg"}],"author":"Capa","twitter_card":"summary_large_image","twitter_misc":{"Written by":"Capa","Estimated reading time":"2 minutes"},"schema":{"@context":"https:\/\/schema.org","@graph":[{"@type":["Article","BlogPosting"],"@id":"https:\/\/www.capaesculturas.com\/en\/capa-participates-in-the-tribute-to-bahamontes\/#article","isPartOf":{"@id":"https:\/\/www.capaesculturas.com\/en\/capa-participates-in-the-tribute-to-bahamontes\/"},"author":{"name":"Capa","@id":"https:\/\/www.capaesculturas.com\/en\/#\/schema\/person\/824340306818e4b7b3a8962549a35898"},"headline":"Capa takes part in the tribute to Bahamontes","datePublished":"2019-12-12T12:45:08+00:00","dateModified":"2024-06-04T14:39:45+00:00","mainEntityOfPage":{"@id":"https:\/\/www.capaesculturas.com\/en\/capa-participates-in-the-tribute-to-bahamontes\/"},"wordCount":298,"commentCount":0,"publisher":{"@id":"https:\/\/www.capaesculturas.com\/en\/#organization"},"image":{"@id":"https:\/\/www.capaesculturas.com\/en\/capa-participates-in-the-tribute-to-bahamontes\/#primaryimage"},"thumbnailUrl":"https:\/\/www.capaesculturas.com\/wp-content\/uploads\/behamonte6.jpg","articleSection":["News"],"inLanguage":"en-GB","potentialAction":[{"@type":"CommentAction","name":"Comment","target":["https:\/\/www.capaesculturas.com\/en\/capa-participates-in-the-tribute-to-bahamontes\/#respond"]}]},{"@type":["WebPage","ItemPage"],"@id":"https:\/\/www.capaesculturas.com\/en\/capa-participates-in-the-tribute-to-bahamontes\/","url":"https:\/\/www.capaesculturas.com\/en\/capa-participates-in-the-tribute-to-bahamontes\/","name":"Capa takes part in the tribute to Bahamontes - Capa esculturas","isPartOf":{"@id":"https:\/\/www.capaesculturas.com\/en\/#website"},"primaryImageOfPage":{"@id":"https:\/\/www.capaesculturas.com\/en\/capa-participates-in-the-tribute-to-bahamontes\/#primaryimage"},"image":{"@id":"https:\/\/www.capaesculturas.com\/en\/capa-participates-in-the-tribute-to-bahamontes\/#primaryimage"},"thumbnailUrl":"https:\/\/www.capaesculturas.com\/wp-content\/uploads\/behamonte6.jpg","datePublished":"2019-12-12T12:45:08+00:00","dateModified":"2024-06-04T14:39:45+00:00","description":"Discover how Capa Esculturas restored the statue of Bahamontes after an act of vandalism, honouring the iconic Spanish cyclist.","breadcrumb":{"@id":"https:\/\/www.capaesculturas.com\/en\/capa-participates-in-the-tribute-to-bahamontes\/#breadcrumb"},"inLanguage":"en-GB","potentialAction":[{"@type":"ReadAction","target":["https:\/\/www.capaesculturas.com\/en\/capa-participates-in-the-tribute-to-bahamontes\/"]}]},{"@type":"ImageObject","inLanguage":"en-GB","@id":"https:\/\/www.capaesculturas.com\/en\/capa-participates-in-the-tribute-to-bahamontes\/#primaryimage","url":"https:\/\/www.capaesculturas.com\/wp-content\/uploads\/behamonte6.jpg","contentUrl":"https:\/\/www.capaesculturas.com\/wp-content\/uploads\/behamonte6.jpg","width":700,"height":453},{"@type":"BreadcrumbList","@id":"https:\/\/www.capaesculturas.com\/en\/capa-participates-in-the-tribute-to-bahamontes\/#breadcrumb","itemListElement":[{"@type":"ListItem","position":1,"name":"Portada","item":"https:\/\/www.capaesculturas.com\/en\/homepage\/"},{"@type":"ListItem","position":2,"name":"Capa takes part in the tribute to Bahamontes"}]},{"@type":"WebSite","@id":"https:\/\/www.capaesculturas.com\/en\/#website","url":"https:\/\/www.capaesculturas.com\/en\/","name":"Capa Esculturas","description":"Fundici\u00f3n y taller de referencia en el \u00e1mbito escult\u00f3rico","publisher":{"@id":"https:\/\/www.capaesculturas.com\/en\/#organization"},"alternateName":"Fundici\u00f3n de Esculturas Capa","potentialAction":[{"@type":"SearchAction","target":{"@type":"EntryPoint","urlTemplate":"https:\/\/www.capaesculturas.com\/en\/?s={search_term_string}"},"query-input":{"@type":"PropertyValueSpecification","valueRequired":true,"valueName":"search_term_string"}}],"inLanguage":"en-GB"},{"@type":"Organization","@id":"https:\/\/www.capaesculturas.com\/en\/#organization","name":"Capa Esculturas","alternateName":"Fundici\u00f3n y taller de referencia en el \u00e1mbito escult\u00f3rico","url":"https:\/\/www.capaesculturas.com\/en\/","logo":{"@type":"ImageObject","inLanguage":"en-GB","@id":"https:\/\/www.capaesculturas.com\/en\/#\/schema\/logo\/image\/","url":"https:\/\/www.capaesculturas.com\/wp-content\/uploads\/capa-esculturas-eps.png","contentUrl":"https:\/\/www.capaesculturas.com\/wp-content\/uploads\/capa-esculturas-eps.png","width":1911,"height":1904,"caption":"Capa Esculturas"},"image":{"@id":"https:\/\/www.capaesculturas.com\/en\/#\/schema\/logo\/image\/"}},{"@type":"Person","@id":"https:\/\/www.capaesculturas.com\/en\/#\/schema\/person\/824340306818e4b7b3a8962549a35898","name":"Capa","image":{"@type":"ImageObject","inLanguage":"en-GB","@id":"https:\/\/www.capaesculturas.com\/wp-content\/litespeed\/avatar\/894e8401b2b7be1b4bf113210f215739.jpg?ver=1777370652","url":"https:\/\/www.capaesculturas.com\/wp-content\/litespeed\/avatar\/894e8401b2b7be1b4bf113210f215739.jpg?ver=1777370652","contentUrl":"https:\/\/www.capaesculturas.com\/wp-content\/litespeed\/avatar\/894e8401b2b7be1b4bf113210f215739.jpg?ver=1777370652","caption":"Capa"},"url":"https:\/\/www.capaesculturas.com\/en\/author\/capa\/"}]}},"_links":{"self":[{"href":"https:\/\/www.capaesculturas.com\/en\/wp-json\/wp\/v2\/posts\/4734","targetHints":{"allow":["GET"]}}],"collection":[{"href":"https:\/\/www.capaesculturas.com\/en\/wp-json\/wp\/v2\/posts"}],"about":[{"href":"https:\/\/www.capaesculturas.com\/en\/wp-json\/wp\/v2\/types\/post"}],"author":[{"embeddable":true,"href":"https:\/\/www.capaesculturas.com\/en\/wp-json\/wp\/v2\/users\/3"}],"replies":[{"embeddable":true,"href":"https:\/\/www.capaesculturas.com\/en\/wp-json\/wp\/v2\/comments?post=4734"}],"version-history":[{"count":5,"href":"https:\/\/www.capaesculturas.com\/en\/wp-json\/wp\/v2\/posts\/4734\/revisions"}],"predecessor-version":[{"id":5976,"href":"https:\/\/www.capaesculturas.com\/en\/wp-json\/wp\/v2\/posts\/4734\/revisions\/5976"}],"wp:featuredmedia":[{"embeddable":true,"href":"https:\/\/www.capaesculturas.com\/en\/wp-json\/wp\/v2\/media\/4091"}],"wp:attachment":[{"href":"https:\/\/www.capaesculturas.com\/en\/wp-json\/wp\/v2\/media?parent=4734"}],"wp:term":[{"taxonomy":"category","embeddable":true,"href":"https:\/\/www.capaesculturas.com\/en\/wp-json\/wp\/v2\/categories?post=4734"},{"taxonomy":"post_tag","embeddable":true,"href":"https:\/\/www.capaesculturas.com\/en\/wp-json\/wp\/v2\/tags?post=4734"}],"curies":[{"name":"wp","href":"https:\/\/api.w.org\/{rel}","templated":true}]}}