{"id":4706,"date":"2020-10-26T13:35:37","date_gmt":"2020-10-26T12:35:37","guid":{"rendered":"https:\/\/www.capaesculturas.com\/cesar-orrico\/"},"modified":"2024-06-21T11:00:09","modified_gmt":"2024-06-21T10:00:09","slug":"cesar-orrico","status":"publish","type":"post","link":"https:\/\/www.capaesculturas.com\/en\/cesar-orrico\/","title":{"rendered":"C\u00e9sar Orrico"},"content":{"rendered":"\n<p>C\u00e9sar Orrico was born in 1984 in Logro\u00f1o, La Rioja. From an early age he showed a great interest in art, which led him to study Fine Arts at the Complutense University of Madrid. During his time at university, he stood out for his dedication and talent, obtaining top marks and being awarded an honourable mention in the National Undergraduate Award. In addition, he received grants for collaboration and initiation to research, and completed an Official Master&#8217;s Degree in Art Creation and Research (MAC+I) at the same university.<\/p>\n\n<h2 class=\"wp-block-heading\"><strong>Career and awards<\/strong><\/h2>\n\n<p>After completing his academic training, C\u00e9sar Orrico held the role of collaborating professor at the European University of Madrid during 2014 and 2015. His artistic career has been marked by numerous prizes and awards, including the Jean Asselbergs Prize from the Fondation Taylor in Paris, which he received in 2019. This award is a recognition of the quality and originality of his work, consolidating his reputation in the international art world.<\/p>\n\n<h2 class=\"wp-block-heading\"><strong>International exhibitions<\/strong><\/h2>\n\n<p>C\u00e9sar Orrico&#8217;s work has been exhibited in some of the world&#8217;s most prestigious galleries and art fairs. His pieces have been seen at events such as the Los Angeles Art Show, Context Art Miami, Art Wynwood Miami, London Art Fair, ST-ART Strasbourg and AAF Hong Kong. These exhibitions have allowed his art to reach a wide and diverse audience, highlighting its relevance and global appeal.<\/p>\n\n<h2 class=\"wp-block-heading\"><strong>Style and technique<\/strong><\/h2>\n\n<p>Orrico is characterised by a detailed technique and a style that fuses traditional elements with contemporary approaches. His training and constant research in the field of art have allowed him to develop a unique and distinctive style. His works are renowned for capturing the essence of his subjects and conveying deep emotions.<\/p>\n\n<h2 class=\"wp-block-heading\"><strong>Conclusion<\/strong><\/h2>\n\n<p><a href=\"https:\/\/cesarorrico.com\/\">C\u00e9sar Orrico<\/a> is an artist whose talent and dedication have brought him international recognition. From his beginnings in Logro\u00f1o to his presence in prestigious global exhibitions, his career is a testimony to the importance of passion and creativity in art. With numerous awards and a growing international reputation, Orrico continues to be an influential figure in the contemporary art scene.<\/p>\n\n<p>To find out more about other artists visit our <a href=\"https:\/\/www.capaesculturas.com\/en\/blog\/\">blog<\/a>.<\/p>\n\n<div style=\"height:35px\" aria-hidden=\"true\" class=\"wp-block-spacer\"><\/div>\n\n<figure class=\"wp-block-gallery aligncenter has-nested-images columns-default is-cropped wp-block-gallery-1 is-layout-flex wp-block-gallery-is-layout-flex\">\n<figure class=\"wp-block-image size-full is-style-default\"><img fetchpriority=\"high\" decoding=\"async\" width=\"625\" height=\"417\" data-id=\"2127\" src=\"https:\/\/www.capaesculturas.com\/wp-content\/uploads\/Aquilon_Cesar_Orrico-625x417-1.png\" alt=\"\" class=\"wp-image-2127\"\/><\/figure>\n\n\n\n<figure class=\"wp-block-image size-large\"><img decoding=\"async\" width=\"409\" height=\"625\" data-id=\"2129\" src=\"https:\/\/www.capaesculturas.com\/wp-content\/uploads\/Edith_Cesar_Orrico-409x625-1.png\" alt=\"\" class=\"wp-image-2129\"\/><\/figure>\n\n\n\n<figure class=\"wp-block-image size-large\"><img decoding=\"async\" width=\"518\" height=\"520\" data-id=\"2126\" src=\"https:\/\/www.capaesculturas.com\/wp-content\/uploads\/Gea__Cesar_Orrico-518x520-1.png\" alt=\"\" class=\"wp-image-2126\" srcset=\"https:\/\/www.capaesculturas.com\/wp-content\/uploads\/Gea__Cesar_Orrico-518x520-1.png 518w, https:\/\/www.capaesculturas.com\/wp-content\/uploads\/Gea__Cesar_Orrico-518x520-1-150x150.png 150w\" sizes=\"(max-width: 518px) 100vw, 518px\" \/><\/figure>\n\n\n\n<figure class=\"wp-block-image size-large\"><img loading=\"lazy\" decoding=\"async\" width=\"625\" height=\"625\" data-id=\"2131\" src=\"https:\/\/www.capaesculturas.com\/wp-content\/uploads\/Fauno_Cesar_Orrico-625x625-1.png\" alt=\"\" class=\"wp-image-2131\" srcset=\"https:\/\/www.capaesculturas.com\/wp-content\/uploads\/Fauno_Cesar_Orrico-625x625-1.png 625w, https:\/\/www.capaesculturas.com\/wp-content\/uploads\/Fauno_Cesar_Orrico-625x625-1-150x150.png 150w\" sizes=\"(max-width: 625px) 100vw, 625px\" \/><\/figure>\n\n\n\n<figure class=\"wp-block-image size-large\"><img loading=\"lazy\" decoding=\"async\" width=\"625\" height=\"417\" data-id=\"2128\" src=\"https:\/\/www.capaesculturas.com\/wp-content\/uploads\/Sanfermin_Cesar_Orrico-625x417-1.png\" alt=\"\" class=\"wp-image-2128\"\/><\/figure>\n\n\n\n<figure class=\"wp-block-image size-large\"><img loading=\"lazy\" decoding=\"async\" width=\"625\" height=\"417\" data-id=\"2130\" src=\"https:\/\/www.capaesculturas.com\/wp-content\/uploads\/Vanitas_Cesar_Orrico-625x417-1.png\" alt=\"\" class=\"wp-image-2130\"\/><\/figure>\n\n\n\n<figure class=\"wp-block-image size-large\"><img loading=\"lazy\" decoding=\"async\" width=\"336\" height=\"625\" data-id=\"2125\" src=\"https:\/\/www.capaesculturas.com\/wp-content\/uploads\/Rite_Cesar_Orrico-336x625-1.png\" alt=\"\" class=\"wp-image-2125\"\/><\/figure>\n<\/figure>\n","protected":false},"excerpt":{"rendered":"<p>C\u00e9sar Orrico was born in 1984 in Logro\u00f1o, La Rioja. From an early age he showed a great interest in art, which led him to study Fine Arts at the Complutense University of Madrid. During his time at university, he stood out for his dedication and talent, obtaining top marks and being awarded an honourable &#8230; <a title=\"C\u00e9sar Orrico\" class=\"read-more\" href=\"https:\/\/www.capaesculturas.com\/en\/cesar-orrico\/\" aria-label=\"Read more about C\u00e9sar Orrico\">Read more<\/a><\/p>\n","protected":false},"author":3,"featured_media":4062,"comment_status":"open","ping_status":"open","sticky":false,"template":"","format":"standard","meta":{"_acf_changed":false,"footnotes":""},"categories":[37],"tags":[],"class_list":["post-4706","post","type-post","status-publish","format-standard","has-post-thumbnail","hentry","category-artists"],"acf":[],"yoast_head":"<!-- This site is optimized with the Yoast SEO plugin v27.4 - https:\/\/yoast.com\/product\/yoast-seo-wordpress\/ -->\n<title>C\u00e9sar Orrico - Capa esculturas<\/title>\n<meta name=\"description\" content=\"Meet C\u00e9sar Orrico, international artist, awarded and exhibited in prestigious galleries in Europe, Asia and the United States.\" \/>\n<meta name=\"robots\" content=\"index, follow, max-snippet:-1, max-image-preview:large, max-video-preview:-1\" \/>\n<link rel=\"canonical\" href=\"https:\/\/www.capaesculturas.com\/en\/cesar-orrico\/\" \/>\n<meta property=\"og:locale\" content=\"en_GB\" \/>\n<meta property=\"og:type\" content=\"article\" \/>\n<meta property=\"og:title\" content=\"C\u00e9sar Orrico - Capa esculturas\" \/>\n<meta property=\"og:description\" content=\"Meet C\u00e9sar Orrico, international artist, awarded and exhibited in prestigious galleries in Europe, Asia and the United States.\" \/>\n<meta property=\"og:url\" content=\"https:\/\/www.capaesculturas.com\/en\/cesar-orrico\/\" \/>\n<meta property=\"og:site_name\" content=\"Capa esculturas\" \/>\n<meta property=\"article:published_time\" content=\"2020-10-26T12:35:37+00:00\" \/>\n<meta property=\"article:modified_time\" content=\"2024-06-21T10:00:09+00:00\" \/>\n<meta property=\"og:image\" content=\"https:\/\/www.capaesculturas.com\/wp-content\/uploads\/David_Cesar_Orrico-1024x1024-1.webp\" \/>\n\t<meta property=\"og:image:width\" content=\"900\" \/>\n\t<meta property=\"og:image:height\" content=\"900\" \/>\n\t<meta property=\"og:image:type\" content=\"image\/webp\" \/>\n<meta name=\"author\" content=\"Capa\" \/>\n<meta name=\"twitter:card\" content=\"summary_large_image\" \/>\n<meta name=\"twitter:label1\" content=\"Written by\" \/>\n\t<meta name=\"twitter:data1\" content=\"Capa\" \/>\n\t<meta name=\"twitter:label2\" content=\"Estimated reading time\" \/>\n\t<meta name=\"twitter:data2\" content=\"3 minutes\" \/>\n<script type=\"application\/ld+json\" class=\"yoast-schema-graph\">{\"@context\":\"https:\\\/\\\/schema.org\",\"@graph\":[{\"@type\":[\"Article\",\"BlogPosting\"],\"@id\":\"https:\\\/\\\/www.capaesculturas.com\\\/en\\\/cesar-orrico\\\/#article\",\"isPartOf\":{\"@id\":\"https:\\\/\\\/www.capaesculturas.com\\\/en\\\/cesar-orrico\\\/\"},\"author\":{\"name\":\"Capa\",\"@id\":\"https:\\\/\\\/www.capaesculturas.com\\\/en\\\/#\\\/schema\\\/person\\\/824340306818e4b7b3a8962549a35898\"},\"headline\":\"C\u00e9sar Orrico\",\"datePublished\":\"2020-10-26T12:35:37+00:00\",\"dateModified\":\"2024-06-21T10:00:09+00:00\",\"mainEntityOfPage\":{\"@id\":\"https:\\\/\\\/www.capaesculturas.com\\\/en\\\/cesar-orrico\\\/\"},\"wordCount\":364,\"commentCount\":0,\"publisher\":{\"@id\":\"https:\\\/\\\/www.capaesculturas.com\\\/en\\\/#organization\"},\"image\":{\"@id\":\"https:\\\/\\\/www.capaesculturas.com\\\/en\\\/cesar-orrico\\\/#primaryimage\"},\"thumbnailUrl\":\"https:\\\/\\\/www.capaesculturas.com\\\/wp-content\\\/uploads\\\/David_Cesar_Orrico-1024x1024-1.webp\",\"articleSection\":[\"Artists\"],\"inLanguage\":\"en-GB\",\"potentialAction\":[{\"@type\":\"CommentAction\",\"name\":\"Comment\",\"target\":[\"https:\\\/\\\/www.capaesculturas.com\\\/en\\\/cesar-orrico\\\/#respond\"]}]},{\"@type\":[\"WebPage\",\"ItemPage\"],\"@id\":\"https:\\\/\\\/www.capaesculturas.com\\\/en\\\/cesar-orrico\\\/\",\"url\":\"https:\\\/\\\/www.capaesculturas.com\\\/en\\\/cesar-orrico\\\/\",\"name\":\"C\u00e9sar Orrico - Capa esculturas\",\"isPartOf\":{\"@id\":\"https:\\\/\\\/www.capaesculturas.com\\\/en\\\/#website\"},\"primaryImageOfPage\":{\"@id\":\"https:\\\/\\\/www.capaesculturas.com\\\/en\\\/cesar-orrico\\\/#primaryimage\"},\"image\":{\"@id\":\"https:\\\/\\\/www.capaesculturas.com\\\/en\\\/cesar-orrico\\\/#primaryimage\"},\"thumbnailUrl\":\"https:\\\/\\\/www.capaesculturas.com\\\/wp-content\\\/uploads\\\/David_Cesar_Orrico-1024x1024-1.webp\",\"datePublished\":\"2020-10-26T12:35:37+00:00\",\"dateModified\":\"2024-06-21T10:00:09+00:00\",\"description\":\"Meet C\u00e9sar Orrico, international artist, awarded and exhibited in prestigious galleries in Europe, Asia and the United States.\",\"breadcrumb\":{\"@id\":\"https:\\\/\\\/www.capaesculturas.com\\\/en\\\/cesar-orrico\\\/#breadcrumb\"},\"inLanguage\":\"en-GB\",\"potentialAction\":[{\"@type\":\"ReadAction\",\"target\":[\"https:\\\/\\\/www.capaesculturas.com\\\/en\\\/cesar-orrico\\\/\"]}]},{\"@type\":\"ImageObject\",\"inLanguage\":\"en-GB\",\"@id\":\"https:\\\/\\\/www.capaesculturas.com\\\/en\\\/cesar-orrico\\\/#primaryimage\",\"url\":\"https:\\\/\\\/www.capaesculturas.com\\\/wp-content\\\/uploads\\\/David_Cesar_Orrico-1024x1024-1.webp\",\"contentUrl\":\"https:\\\/\\\/www.capaesculturas.com\\\/wp-content\\\/uploads\\\/David_Cesar_Orrico-1024x1024-1.webp\",\"width\":900,\"height\":900},{\"@type\":\"BreadcrumbList\",\"@id\":\"https:\\\/\\\/www.capaesculturas.com\\\/en\\\/cesar-orrico\\\/#breadcrumb\",\"itemListElement\":[{\"@type\":\"ListItem\",\"position\":1,\"name\":\"Portada\",\"item\":\"https:\\\/\\\/www.capaesculturas.com\\\/en\\\/homepage\\\/\"},{\"@type\":\"ListItem\",\"position\":2,\"name\":\"C\u00e9sar Orrico\"}]},{\"@type\":\"WebSite\",\"@id\":\"https:\\\/\\\/www.capaesculturas.com\\\/en\\\/#website\",\"url\":\"https:\\\/\\\/www.capaesculturas.com\\\/en\\\/\",\"name\":\"Capa Esculturas\",\"description\":\"Fundici\u00f3n y taller de referencia en el \u00e1mbito escult\u00f3rico\",\"publisher\":{\"@id\":\"https:\\\/\\\/www.capaesculturas.com\\\/en\\\/#organization\"},\"alternateName\":\"Fundici\u00f3n de Esculturas Capa\",\"potentialAction\":[{\"@type\":\"SearchAction\",\"target\":{\"@type\":\"EntryPoint\",\"urlTemplate\":\"https:\\\/\\\/www.capaesculturas.com\\\/en\\\/?s={search_term_string}\"},\"query-input\":{\"@type\":\"PropertyValueSpecification\",\"valueRequired\":true,\"valueName\":\"search_term_string\"}}],\"inLanguage\":\"en-GB\"},{\"@type\":\"Organization\",\"@id\":\"https:\\\/\\\/www.capaesculturas.com\\\/en\\\/#organization\",\"name\":\"Capa Esculturas\",\"alternateName\":\"Fundici\u00f3n y taller de referencia en el \u00e1mbito escult\u00f3rico\",\"url\":\"https:\\\/\\\/www.capaesculturas.com\\\/en\\\/\",\"logo\":{\"@type\":\"ImageObject\",\"inLanguage\":\"en-GB\",\"@id\":\"https:\\\/\\\/www.capaesculturas.com\\\/en\\\/#\\\/schema\\\/logo\\\/image\\\/\",\"url\":\"https:\\\/\\\/www.capaesculturas.com\\\/wp-content\\\/uploads\\\/capa-esculturas-eps.png\",\"contentUrl\":\"https:\\\/\\\/www.capaesculturas.com\\\/wp-content\\\/uploads\\\/capa-esculturas-eps.png\",\"width\":1911,\"height\":1904,\"caption\":\"Capa Esculturas\"},\"image\":{\"@id\":\"https:\\\/\\\/www.capaesculturas.com\\\/en\\\/#\\\/schema\\\/logo\\\/image\\\/\"}},{\"@type\":\"Person\",\"@id\":\"https:\\\/\\\/www.capaesculturas.com\\\/en\\\/#\\\/schema\\\/person\\\/824340306818e4b7b3a8962549a35898\",\"name\":\"Capa\",\"image\":{\"@type\":\"ImageObject\",\"inLanguage\":\"en-GB\",\"@id\":\"https:\\\/\\\/www.capaesculturas.com\\\/wp-content\\\/litespeed\\\/avatar\\\/894e8401b2b7be1b4bf113210f215739.jpg?ver=1777370652\",\"url\":\"https:\\\/\\\/www.capaesculturas.com\\\/wp-content\\\/litespeed\\\/avatar\\\/894e8401b2b7be1b4bf113210f215739.jpg?ver=1777370652\",\"contentUrl\":\"https:\\\/\\\/www.capaesculturas.com\\\/wp-content\\\/litespeed\\\/avatar\\\/894e8401b2b7be1b4bf113210f215739.jpg?ver=1777370652\",\"caption\":\"Capa\"},\"url\":\"https:\\\/\\\/www.capaesculturas.com\\\/en\\\/author\\\/capa\\\/\"}]}<\/script>\n<!-- \/ Yoast SEO plugin. -->","yoast_head_json":{"title":"C\u00e9sar Orrico - Capa esculturas","description":"Meet C\u00e9sar Orrico, international artist, awarded and exhibited in prestigious galleries in Europe, Asia and the United States.","robots":{"index":"index","follow":"follow","max-snippet":"max-snippet:-1","max-image-preview":"max-image-preview:large","max-video-preview":"max-video-preview:-1"},"canonical":"https:\/\/www.capaesculturas.com\/en\/cesar-orrico\/","og_locale":"en_GB","og_type":"article","og_title":"C\u00e9sar Orrico - Capa esculturas","og_description":"Meet C\u00e9sar Orrico, international artist, awarded and exhibited in prestigious galleries in Europe, Asia and the United States.","og_url":"https:\/\/www.capaesculturas.com\/en\/cesar-orrico\/","og_site_name":"Capa esculturas","article_published_time":"2020-10-26T12:35:37+00:00","article_modified_time":"2024-06-21T10:00:09+00:00","og_image":[{"width":900,"height":900,"url":"https:\/\/www.capaesculturas.com\/wp-content\/uploads\/David_Cesar_Orrico-1024x1024-1.webp","type":"image\/webp"}],"author":"Capa","twitter_card":"summary_large_image","twitter_misc":{"Written by":"Capa","Estimated reading time":"3 minutes"},"schema":{"@context":"https:\/\/schema.org","@graph":[{"@type":["Article","BlogPosting"],"@id":"https:\/\/www.capaesculturas.com\/en\/cesar-orrico\/#article","isPartOf":{"@id":"https:\/\/www.capaesculturas.com\/en\/cesar-orrico\/"},"author":{"name":"Capa","@id":"https:\/\/www.capaesculturas.com\/en\/#\/schema\/person\/824340306818e4b7b3a8962549a35898"},"headline":"C\u00e9sar Orrico","datePublished":"2020-10-26T12:35:37+00:00","dateModified":"2024-06-21T10:00:09+00:00","mainEntityOfPage":{"@id":"https:\/\/www.capaesculturas.com\/en\/cesar-orrico\/"},"wordCount":364,"commentCount":0,"publisher":{"@id":"https:\/\/www.capaesculturas.com\/en\/#organization"},"image":{"@id":"https:\/\/www.capaesculturas.com\/en\/cesar-orrico\/#primaryimage"},"thumbnailUrl":"https:\/\/www.capaesculturas.com\/wp-content\/uploads\/David_Cesar_Orrico-1024x1024-1.webp","articleSection":["Artists"],"inLanguage":"en-GB","potentialAction":[{"@type":"CommentAction","name":"Comment","target":["https:\/\/www.capaesculturas.com\/en\/cesar-orrico\/#respond"]}]},{"@type":["WebPage","ItemPage"],"@id":"https:\/\/www.capaesculturas.com\/en\/cesar-orrico\/","url":"https:\/\/www.capaesculturas.com\/en\/cesar-orrico\/","name":"C\u00e9sar Orrico - Capa esculturas","isPartOf":{"@id":"https:\/\/www.capaesculturas.com\/en\/#website"},"primaryImageOfPage":{"@id":"https:\/\/www.capaesculturas.com\/en\/cesar-orrico\/#primaryimage"},"image":{"@id":"https:\/\/www.capaesculturas.com\/en\/cesar-orrico\/#primaryimage"},"thumbnailUrl":"https:\/\/www.capaesculturas.com\/wp-content\/uploads\/David_Cesar_Orrico-1024x1024-1.webp","datePublished":"2020-10-26T12:35:37+00:00","dateModified":"2024-06-21T10:00:09+00:00","description":"Meet C\u00e9sar Orrico, international artist, awarded and exhibited in prestigious galleries in Europe, Asia and the United States.","breadcrumb":{"@id":"https:\/\/www.capaesculturas.com\/en\/cesar-orrico\/#breadcrumb"},"inLanguage":"en-GB","potentialAction":[{"@type":"ReadAction","target":["https:\/\/www.capaesculturas.com\/en\/cesar-orrico\/"]}]},{"@type":"ImageObject","inLanguage":"en-GB","@id":"https:\/\/www.capaesculturas.com\/en\/cesar-orrico\/#primaryimage","url":"https:\/\/www.capaesculturas.com\/wp-content\/uploads\/David_Cesar_Orrico-1024x1024-1.webp","contentUrl":"https:\/\/www.capaesculturas.com\/wp-content\/uploads\/David_Cesar_Orrico-1024x1024-1.webp","width":900,"height":900},{"@type":"BreadcrumbList","@id":"https:\/\/www.capaesculturas.com\/en\/cesar-orrico\/#breadcrumb","itemListElement":[{"@type":"ListItem","position":1,"name":"Portada","item":"https:\/\/www.capaesculturas.com\/en\/homepage\/"},{"@type":"ListItem","position":2,"name":"C\u00e9sar Orrico"}]},{"@type":"WebSite","@id":"https:\/\/www.capaesculturas.com\/en\/#website","url":"https:\/\/www.capaesculturas.com\/en\/","name":"Capa Esculturas","description":"Fundici\u00f3n y taller de referencia en el \u00e1mbito escult\u00f3rico","publisher":{"@id":"https:\/\/www.capaesculturas.com\/en\/#organization"},"alternateName":"Fundici\u00f3n de Esculturas Capa","potentialAction":[{"@type":"SearchAction","target":{"@type":"EntryPoint","urlTemplate":"https:\/\/www.capaesculturas.com\/en\/?s={search_term_string}"},"query-input":{"@type":"PropertyValueSpecification","valueRequired":true,"valueName":"search_term_string"}}],"inLanguage":"en-GB"},{"@type":"Organization","@id":"https:\/\/www.capaesculturas.com\/en\/#organization","name":"Capa Esculturas","alternateName":"Fundici\u00f3n y taller de referencia en el \u00e1mbito escult\u00f3rico","url":"https:\/\/www.capaesculturas.com\/en\/","logo":{"@type":"ImageObject","inLanguage":"en-GB","@id":"https:\/\/www.capaesculturas.com\/en\/#\/schema\/logo\/image\/","url":"https:\/\/www.capaesculturas.com\/wp-content\/uploads\/capa-esculturas-eps.png","contentUrl":"https:\/\/www.capaesculturas.com\/wp-content\/uploads\/capa-esculturas-eps.png","width":1911,"height":1904,"caption":"Capa Esculturas"},"image":{"@id":"https:\/\/www.capaesculturas.com\/en\/#\/schema\/logo\/image\/"}},{"@type":"Person","@id":"https:\/\/www.capaesculturas.com\/en\/#\/schema\/person\/824340306818e4b7b3a8962549a35898","name":"Capa","image":{"@type":"ImageObject","inLanguage":"en-GB","@id":"https:\/\/www.capaesculturas.com\/wp-content\/litespeed\/avatar\/894e8401b2b7be1b4bf113210f215739.jpg?ver=1777370652","url":"https:\/\/www.capaesculturas.com\/wp-content\/litespeed\/avatar\/894e8401b2b7be1b4bf113210f215739.jpg?ver=1777370652","contentUrl":"https:\/\/www.capaesculturas.com\/wp-content\/litespeed\/avatar\/894e8401b2b7be1b4bf113210f215739.jpg?ver=1777370652","caption":"Capa"},"url":"https:\/\/www.capaesculturas.com\/en\/author\/capa\/"}]}},"_links":{"self":[{"href":"https:\/\/www.capaesculturas.com\/en\/wp-json\/wp\/v2\/posts\/4706","targetHints":{"allow":["GET"]}}],"collection":[{"href":"https:\/\/www.capaesculturas.com\/en\/wp-json\/wp\/v2\/posts"}],"about":[{"href":"https:\/\/www.capaesculturas.com\/en\/wp-json\/wp\/v2\/types\/post"}],"author":[{"embeddable":true,"href":"https:\/\/www.capaesculturas.com\/en\/wp-json\/wp\/v2\/users\/3"}],"replies":[{"embeddable":true,"href":"https:\/\/www.capaesculturas.com\/en\/wp-json\/wp\/v2\/comments?post=4706"}],"version-history":[{"count":5,"href":"https:\/\/www.capaesculturas.com\/en\/wp-json\/wp\/v2\/posts\/4706\/revisions"}],"predecessor-version":[{"id":6155,"href":"https:\/\/www.capaesculturas.com\/en\/wp-json\/wp\/v2\/posts\/4706\/revisions\/6155"}],"wp:featuredmedia":[{"embeddable":true,"href":"https:\/\/www.capaesculturas.com\/en\/wp-json\/wp\/v2\/media\/4062"}],"wp:attachment":[{"href":"https:\/\/www.capaesculturas.com\/en\/wp-json\/wp\/v2\/media?parent=4706"}],"wp:term":[{"taxonomy":"category","embeddable":true,"href":"https:\/\/www.capaesculturas.com\/en\/wp-json\/wp\/v2\/categories?post=4706"},{"taxonomy":"post_tag","embeddable":true,"href":"https:\/\/www.capaesculturas.com\/en\/wp-json\/wp\/v2\/tags?post=4706"}],"curies":[{"name":"wp","href":"https:\/\/api.w.org\/{rel}","templated":true}]}}