{"id":4702,"date":"2020-10-26T13:34:00","date_gmt":"2020-10-26T12:34:00","guid":{"rendered":"https:\/\/www.capaesculturas.com\/jose-chafer\/"},"modified":"2024-06-04T15:43:21","modified_gmt":"2024-06-04T14:43:21","slug":"jose-chafer","status":"publish","type":"post","link":"https:\/\/www.capaesculturas.com\/en\/jose-chafer\/","title":{"rendered":"Jose Ch\u00e1fer"},"content":{"rendered":"\n<figure class=\"wp-block-gallery has-nested-images columns-default is-cropped wp-block-gallery-1 is-layout-flex wp-block-gallery-is-layout-flex\">\n<figure class=\"wp-block-image size-large\"><img fetchpriority=\"high\" decoding=\"async\" width=\"352\" height=\"625\" data-id=\"5275\" src=\"https:\/\/www.capaesculturas.com\/wp-content\/uploads\/Calina-Azul-Alabastro-azul-415x625-1-edited.jpg\" alt=\"\" class=\"wp-image-5275\"\/><\/figure>\n\n\n\n<figure class=\"wp-block-image size-large\"><img decoding=\"async\" width=\"233\" height=\"414\" data-id=\"5273\" src=\"https:\/\/www.capaesculturas.com\/wp-content\/uploads\/Ciclo-Eterno-Alabastro-blanco-625x415-1-edited-1.jpg\" alt=\"\" class=\"wp-image-5273\"\/><\/figure>\n\n\n\n<figure class=\"wp-block-image size-large\"><img decoding=\"async\" width=\"235\" height=\"417\" data-id=\"5277\" src=\"https:\/\/www.capaesculturas.com\/wp-content\/uploads\/Colgada-Madera-abedul-625x417-1-edited.jpg\" alt=\"\" class=\"wp-image-5277\"\/><\/figure>\n\n\n\n<figure class=\"wp-block-image size-large\"><img loading=\"lazy\" decoding=\"async\" width=\"384\" height=\"683\" data-id=\"5279\" src=\"https:\/\/www.capaesculturas.com\/wp-content\/uploads\/Four-Seasons-Madera-abedul-1024x683-2-edited.jpg\" alt=\"\" class=\"wp-image-5279\"\/><\/figure>\n\n\n\n<figure class=\"wp-block-image size-large\"><img loading=\"lazy\" decoding=\"async\" width=\"235\" height=\"417\" data-id=\"5281\" src=\"https:\/\/www.capaesculturas.com\/wp-content\/uploads\/Mole-Negra-madera-de-platano-625x417-1-edited.jpg\" alt=\"\" class=\"wp-image-5281\"\/><\/figure>\n\n\n\n<figure class=\"wp-block-image size-large\"><img loading=\"lazy\" decoding=\"async\" width=\"352\" height=\"625\" data-id=\"5283\" src=\"https:\/\/www.capaesculturas.com\/wp-content\/uploads\/Royal-Suite-Alabastro-blanco-y-transparente-417x625-1-edited.jpg\" alt=\"\" class=\"wp-image-5283\"\/><\/figure>\n<\/figure>\n\n<div style=\"height:30px\" aria-hidden=\"true\" class=\"wp-block-spacer\"><\/div>\n\n<h2 class=\"wp-block-heading\"><strong>Jose Ch\u00e1fer: sculpting the balance of nature<\/strong><\/h2>\n\n<p>Jose Ch\u00e1fer, Madrid 1991, is a sculptor whose work is deeply inspired by nature and its phenomenons. An analytical observer, Ch\u00e1fer contemplates the infinite variety of shapes, textures and colours that nature unfolds, and distils them into his art, exploring the intrinsic interconnectedness woven into the tapestry of the natural world.<\/p>\n\n<h2 class=\"wp-block-heading\"><strong>Love of cyclicality and evolution<\/strong><\/h2>\n\n<p>Chafer reveals his fascinating interest in natural cycles, an admiration for the constant dance of creation, transformation and evolution that defines our environment. This cyclical conception is essential in his work, allowing him to present pieces that seem to be in constant flux, never fixed, always in a state of becoming.<\/p>\n\n<h2 class=\"wp-block-heading\"><strong>Jos\u00e9 Ch\u00e1fer&#8217;s search for balance<\/strong><\/h2>\n\n<p>The concept of balance is a constant in his artistic vision. Ch\u00e1fer follows this ideal in each work, investigating the visual weights, the tensions and the multiple paths that a piece can take to reach this state of perfect harmony. His ability to surprise and the secrets that each piece conceals are testimony to his meticulous technique and intimate connection with the materials he uses.<\/p>\n\n<h2 class=\"wp-block-heading\"><strong>A sensory approach to sculpture<\/strong><\/h2>\n\n<p>Chafer works with natural materials such as stone and wood, which resonate with the essence of earth and life. Touching his sculptures, you can feel different hardnesses, vibrations, textures and veins. Ch\u00e1fer wants each spectator to experience a complete reading of the work.<\/p>\n\n<p>The artist considers it essential to immerse himself in each of his pieces, even losing track of time during their production; with the intention of contributing the best version of himself in each work, and enjoying the process.<\/p>\n\n<h2 class=\"wp-block-heading\"><strong>Education, career and awards<\/strong><\/h2>\n\n<p>His academic training is a reflection of his commitment to art. Graduated in Fine Arts at the Complutense University of Madrid and with a Master&#8217;s degree in Art Research and Creation, in addition to his training in Architecture at the Rey Juan Carlos University.<\/p>\n\n<p><strong>Some of their awards<\/strong> are:<\/p>\n\n<h3 class=\"wp-block-heading\"><strong>2020<\/strong><\/h3>\n\n<ul class=\"wp-block-list\">\n<li>Third Prize in the International Sculpture Competition of the CAPA Foundry. I Edition. Madrid. <\/li>\n<\/ul>\n\n<h3 class=\"wp-block-heading\"><strong>2015<\/strong><\/h3>\n\n<ul class=\"wp-block-list\">\n<li>Winner of the Art in Antarctica Grant. I Edition. UCM, Madrid.<\/li>\n\n\n\n<li>Art Residency in Antarctica funded by the Direcci\u00f3n Nacional Ant\u00e1rtica Argentina. I Edition. Antarctica.<\/li>\n<\/ul>\n\n<h3 class=\"wp-block-heading\"><strong>2014<\/strong><\/h3>\n\n<ul class=\"wp-block-list\">\n<li>First Prize for sculpture in the National Painting and Sculpture Competition, Villa de Parla. Madrid.<\/li>\n\n\n\n<li>Burquer\u00edn Prize, XXXV edition, Museum of Ayll\u00f3n. Segovia.<\/li>\n\n\n\n<li>Prize awarded by the Ayll\u00f3n Town Council in the XXXV Edition.<\/li>\n\n\n\n<li>Sculpture Residency Scholarship, Villa de Ayll\u00f3n. Segovia.<\/li>\n<\/ul>\n\n<div style=\"height:30px\" aria-hidden=\"true\" class=\"wp-block-spacer\"><\/div>\n<div class=\"wp-block-image is-style-default\">\n<figure class=\"aligncenter size-large\"><img loading=\"lazy\" decoding=\"async\" width=\"417\" height=\"625\" src=\"https:\/\/www.capaesculturas.com\/wp-content\/uploads\/Serie-Madera-Curvada-I-417x625-1.jpg\" alt=\"\" class=\"wp-image-2154\"\/><\/figure>\n<\/div>\n<div style=\"height:30px\" aria-hidden=\"true\" class=\"wp-block-spacer\"><\/div>\n\n<p>You can find more information about the <a href=\"https:\/\/www.josechafer.es\/\">artist on this link<\/a>.<br\/>Want to see more artist? Visit <a href=\"https:\/\/www.capaesculturas.com\/en\/blog\/\">our Blog<\/a>.<\/p>\n","protected":false},"excerpt":{"rendered":"<p>Jose Ch\u00e1fer: sculpting the balance of nature Jose Ch\u00e1fer, Madrid 1991, is a sculptor whose work is deeply inspired by nature and its phenomenons. An analytical observer, Ch\u00e1fer contemplates the infinite variety of shapes, textures and colours that nature unfolds, and distils them into his art, exploring the intrinsic interconnectedness woven into the tapestry of &#8230; <a title=\"Jose Ch\u00e1fer\" class=\"read-more\" href=\"https:\/\/www.capaesculturas.com\/en\/jose-chafer\/\" aria-label=\"Read more about Jose Ch\u00e1fer\">Read more<\/a><\/p>\n","protected":false},"author":3,"featured_media":4075,"comment_status":"open","ping_status":"open","sticky":false,"template":"","format":"standard","meta":{"_acf_changed":false,"footnotes":""},"categories":[37],"tags":[],"class_list":["post-4702","post","type-post","status-publish","format-standard","has-post-thumbnail","hentry","category-artists"],"acf":[],"yoast_head":"<!-- This site is optimized with the Yoast SEO plugin v27.4 - https:\/\/yoast.com\/product\/yoast-seo-wordpress\/ -->\n<title>Jose Ch\u00e1fer - Capa esculturas<\/title>\n<meta name=\"description\" content=\"Learn more about Jose Ch\u00e1fer, a sculptor who weaves the essence of nature into each work. Explore the cyclicality and balance of his works\" \/>\n<meta name=\"robots\" content=\"index, follow, max-snippet:-1, max-image-preview:large, max-video-preview:-1\" \/>\n<link rel=\"canonical\" href=\"https:\/\/www.capaesculturas.com\/en\/jose-chafer\/\" \/>\n<meta property=\"og:locale\" content=\"en_GB\" \/>\n<meta property=\"og:type\" content=\"article\" \/>\n<meta property=\"og:title\" content=\"Jose Ch\u00e1fer - Capa esculturas\" \/>\n<meta property=\"og:description\" content=\"Learn more about Jose Ch\u00e1fer, a sculptor who weaves the essence of nature into each work. Explore the cyclicality and balance of his works\" \/>\n<meta property=\"og:url\" content=\"https:\/\/www.capaesculturas.com\/en\/jose-chafer\/\" \/>\n<meta property=\"og:site_name\" content=\"Capa esculturas\" \/>\n<meta property=\"article:published_time\" content=\"2020-10-26T12:34:00+00:00\" \/>\n<meta property=\"article:modified_time\" content=\"2024-06-04T14:43:21+00:00\" \/>\n<meta property=\"og:image\" content=\"https:\/\/www.capaesculturas.com\/wp-content\/uploads\/Four-Seasons-Madera-abedul-1024x683-2.jpg\" \/>\n\t<meta property=\"og:image:width\" content=\"1024\" \/>\n\t<meta property=\"og:image:height\" content=\"683\" \/>\n\t<meta property=\"og:image:type\" content=\"image\/jpeg\" \/>\n<meta name=\"author\" content=\"Capa\" \/>\n<meta name=\"twitter:card\" content=\"summary_large_image\" \/>\n<meta name=\"twitter:label1\" content=\"Written by\" \/>\n\t<meta name=\"twitter:data1\" content=\"Capa\" \/>\n\t<meta name=\"twitter:label2\" content=\"Estimated reading time\" \/>\n\t<meta name=\"twitter:data2\" content=\"2 minutes\" \/>\n<script type=\"application\/ld+json\" class=\"yoast-schema-graph\">{\"@context\":\"https:\\\/\\\/schema.org\",\"@graph\":[{\"@type\":[\"Article\",\"BlogPosting\"],\"@id\":\"https:\\\/\\\/www.capaesculturas.com\\\/en\\\/jose-chafer\\\/#article\",\"isPartOf\":{\"@id\":\"https:\\\/\\\/www.capaesculturas.com\\\/en\\\/jose-chafer\\\/\"},\"author\":{\"name\":\"Capa\",\"@id\":\"https:\\\/\\\/www.capaesculturas.com\\\/en\\\/#\\\/schema\\\/person\\\/824340306818e4b7b3a8962549a35898\"},\"headline\":\"Jose Ch\u00e1fer\",\"datePublished\":\"2020-10-26T12:34:00+00:00\",\"dateModified\":\"2024-06-04T14:43:21+00:00\",\"mainEntityOfPage\":{\"@id\":\"https:\\\/\\\/www.capaesculturas.com\\\/en\\\/jose-chafer\\\/\"},\"wordCount\":438,\"commentCount\":0,\"publisher\":{\"@id\":\"https:\\\/\\\/www.capaesculturas.com\\\/en\\\/#organization\"},\"image\":{\"@id\":\"https:\\\/\\\/www.capaesculturas.com\\\/en\\\/jose-chafer\\\/#primaryimage\"},\"thumbnailUrl\":\"https:\\\/\\\/www.capaesculturas.com\\\/wp-content\\\/uploads\\\/Four-Seasons-Madera-abedul-1024x683-2.jpg\",\"articleSection\":[\"Artists\"],\"inLanguage\":\"en-GB\",\"potentialAction\":[{\"@type\":\"CommentAction\",\"name\":\"Comment\",\"target\":[\"https:\\\/\\\/www.capaesculturas.com\\\/en\\\/jose-chafer\\\/#respond\"]}]},{\"@type\":[\"WebPage\",\"ItemPage\"],\"@id\":\"https:\\\/\\\/www.capaesculturas.com\\\/en\\\/jose-chafer\\\/\",\"url\":\"https:\\\/\\\/www.capaesculturas.com\\\/en\\\/jose-chafer\\\/\",\"name\":\"Jose Ch\u00e1fer - Capa esculturas\",\"isPartOf\":{\"@id\":\"https:\\\/\\\/www.capaesculturas.com\\\/en\\\/#website\"},\"primaryImageOfPage\":{\"@id\":\"https:\\\/\\\/www.capaesculturas.com\\\/en\\\/jose-chafer\\\/#primaryimage\"},\"image\":{\"@id\":\"https:\\\/\\\/www.capaesculturas.com\\\/en\\\/jose-chafer\\\/#primaryimage\"},\"thumbnailUrl\":\"https:\\\/\\\/www.capaesculturas.com\\\/wp-content\\\/uploads\\\/Four-Seasons-Madera-abedul-1024x683-2.jpg\",\"datePublished\":\"2020-10-26T12:34:00+00:00\",\"dateModified\":\"2024-06-04T14:43:21+00:00\",\"description\":\"Learn more about Jose Ch\u00e1fer, a sculptor who weaves the essence of nature into each work. Explore the cyclicality and balance of his works\",\"breadcrumb\":{\"@id\":\"https:\\\/\\\/www.capaesculturas.com\\\/en\\\/jose-chafer\\\/#breadcrumb\"},\"inLanguage\":\"en-GB\",\"potentialAction\":[{\"@type\":\"ReadAction\",\"target\":[\"https:\\\/\\\/www.capaesculturas.com\\\/en\\\/jose-chafer\\\/\"]}]},{\"@type\":\"ImageObject\",\"inLanguage\":\"en-GB\",\"@id\":\"https:\\\/\\\/www.capaesculturas.com\\\/en\\\/jose-chafer\\\/#primaryimage\",\"url\":\"https:\\\/\\\/www.capaesculturas.com\\\/wp-content\\\/uploads\\\/Four-Seasons-Madera-abedul-1024x683-2.jpg\",\"contentUrl\":\"https:\\\/\\\/www.capaesculturas.com\\\/wp-content\\\/uploads\\\/Four-Seasons-Madera-abedul-1024x683-2.jpg\",\"width\":1024,\"height\":683},{\"@type\":\"BreadcrumbList\",\"@id\":\"https:\\\/\\\/www.capaesculturas.com\\\/en\\\/jose-chafer\\\/#breadcrumb\",\"itemListElement\":[{\"@type\":\"ListItem\",\"position\":1,\"name\":\"Portada\",\"item\":\"https:\\\/\\\/www.capaesculturas.com\\\/en\\\/homepage\\\/\"},{\"@type\":\"ListItem\",\"position\":2,\"name\":\"Jose Ch\u00e1fer\"}]},{\"@type\":\"WebSite\",\"@id\":\"https:\\\/\\\/www.capaesculturas.com\\\/en\\\/#website\",\"url\":\"https:\\\/\\\/www.capaesculturas.com\\\/en\\\/\",\"name\":\"Capa Esculturas\",\"description\":\"Fundici\u00f3n y taller de referencia en el \u00e1mbito escult\u00f3rico\",\"publisher\":{\"@id\":\"https:\\\/\\\/www.capaesculturas.com\\\/en\\\/#organization\"},\"alternateName\":\"Fundici\u00f3n de Esculturas Capa\",\"potentialAction\":[{\"@type\":\"SearchAction\",\"target\":{\"@type\":\"EntryPoint\",\"urlTemplate\":\"https:\\\/\\\/www.capaesculturas.com\\\/en\\\/?s={search_term_string}\"},\"query-input\":{\"@type\":\"PropertyValueSpecification\",\"valueRequired\":true,\"valueName\":\"search_term_string\"}}],\"inLanguage\":\"en-GB\"},{\"@type\":\"Organization\",\"@id\":\"https:\\\/\\\/www.capaesculturas.com\\\/en\\\/#organization\",\"name\":\"Capa Esculturas\",\"alternateName\":\"Fundici\u00f3n y taller de referencia en el \u00e1mbito escult\u00f3rico\",\"url\":\"https:\\\/\\\/www.capaesculturas.com\\\/en\\\/\",\"logo\":{\"@type\":\"ImageObject\",\"inLanguage\":\"en-GB\",\"@id\":\"https:\\\/\\\/www.capaesculturas.com\\\/en\\\/#\\\/schema\\\/logo\\\/image\\\/\",\"url\":\"https:\\\/\\\/www.capaesculturas.com\\\/wp-content\\\/uploads\\\/capa-esculturas-eps.png\",\"contentUrl\":\"https:\\\/\\\/www.capaesculturas.com\\\/wp-content\\\/uploads\\\/capa-esculturas-eps.png\",\"width\":1911,\"height\":1904,\"caption\":\"Capa Esculturas\"},\"image\":{\"@id\":\"https:\\\/\\\/www.capaesculturas.com\\\/en\\\/#\\\/schema\\\/logo\\\/image\\\/\"}},{\"@type\":\"Person\",\"@id\":\"https:\\\/\\\/www.capaesculturas.com\\\/en\\\/#\\\/schema\\\/person\\\/824340306818e4b7b3a8962549a35898\",\"name\":\"Capa\",\"image\":{\"@type\":\"ImageObject\",\"inLanguage\":\"en-GB\",\"@id\":\"https:\\\/\\\/www.capaesculturas.com\\\/wp-content\\\/litespeed\\\/avatar\\\/894e8401b2b7be1b4bf113210f215739.jpg?ver=1777370652\",\"url\":\"https:\\\/\\\/www.capaesculturas.com\\\/wp-content\\\/litespeed\\\/avatar\\\/894e8401b2b7be1b4bf113210f215739.jpg?ver=1777370652\",\"contentUrl\":\"https:\\\/\\\/www.capaesculturas.com\\\/wp-content\\\/litespeed\\\/avatar\\\/894e8401b2b7be1b4bf113210f215739.jpg?ver=1777370652\",\"caption\":\"Capa\"},\"url\":\"https:\\\/\\\/www.capaesculturas.com\\\/en\\\/author\\\/capa\\\/\"}]}<\/script>\n<!-- \/ Yoast SEO plugin. -->","yoast_head_json":{"title":"Jose Ch\u00e1fer - Capa esculturas","description":"Learn more about Jose Ch\u00e1fer, a sculptor who weaves the essence of nature into each work. Explore the cyclicality and balance of his works","robots":{"index":"index","follow":"follow","max-snippet":"max-snippet:-1","max-image-preview":"max-image-preview:large","max-video-preview":"max-video-preview:-1"},"canonical":"https:\/\/www.capaesculturas.com\/en\/jose-chafer\/","og_locale":"en_GB","og_type":"article","og_title":"Jose Ch\u00e1fer - Capa esculturas","og_description":"Learn more about Jose Ch\u00e1fer, a sculptor who weaves the essence of nature into each work. Explore the cyclicality and balance of his works","og_url":"https:\/\/www.capaesculturas.com\/en\/jose-chafer\/","og_site_name":"Capa esculturas","article_published_time":"2020-10-26T12:34:00+00:00","article_modified_time":"2024-06-04T14:43:21+00:00","og_image":[{"width":1024,"height":683,"url":"https:\/\/www.capaesculturas.com\/wp-content\/uploads\/Four-Seasons-Madera-abedul-1024x683-2.jpg","type":"image\/jpeg"}],"author":"Capa","twitter_card":"summary_large_image","twitter_misc":{"Written by":"Capa","Estimated reading time":"2 minutes"},"schema":{"@context":"https:\/\/schema.org","@graph":[{"@type":["Article","BlogPosting"],"@id":"https:\/\/www.capaesculturas.com\/en\/jose-chafer\/#article","isPartOf":{"@id":"https:\/\/www.capaesculturas.com\/en\/jose-chafer\/"},"author":{"name":"Capa","@id":"https:\/\/www.capaesculturas.com\/en\/#\/schema\/person\/824340306818e4b7b3a8962549a35898"},"headline":"Jose Ch\u00e1fer","datePublished":"2020-10-26T12:34:00+00:00","dateModified":"2024-06-04T14:43:21+00:00","mainEntityOfPage":{"@id":"https:\/\/www.capaesculturas.com\/en\/jose-chafer\/"},"wordCount":438,"commentCount":0,"publisher":{"@id":"https:\/\/www.capaesculturas.com\/en\/#organization"},"image":{"@id":"https:\/\/www.capaesculturas.com\/en\/jose-chafer\/#primaryimage"},"thumbnailUrl":"https:\/\/www.capaesculturas.com\/wp-content\/uploads\/Four-Seasons-Madera-abedul-1024x683-2.jpg","articleSection":["Artists"],"inLanguage":"en-GB","potentialAction":[{"@type":"CommentAction","name":"Comment","target":["https:\/\/www.capaesculturas.com\/en\/jose-chafer\/#respond"]}]},{"@type":["WebPage","ItemPage"],"@id":"https:\/\/www.capaesculturas.com\/en\/jose-chafer\/","url":"https:\/\/www.capaesculturas.com\/en\/jose-chafer\/","name":"Jose Ch\u00e1fer - Capa esculturas","isPartOf":{"@id":"https:\/\/www.capaesculturas.com\/en\/#website"},"primaryImageOfPage":{"@id":"https:\/\/www.capaesculturas.com\/en\/jose-chafer\/#primaryimage"},"image":{"@id":"https:\/\/www.capaesculturas.com\/en\/jose-chafer\/#primaryimage"},"thumbnailUrl":"https:\/\/www.capaesculturas.com\/wp-content\/uploads\/Four-Seasons-Madera-abedul-1024x683-2.jpg","datePublished":"2020-10-26T12:34:00+00:00","dateModified":"2024-06-04T14:43:21+00:00","description":"Learn more about Jose Ch\u00e1fer, a sculptor who weaves the essence of nature into each work. Explore the cyclicality and balance of his works","breadcrumb":{"@id":"https:\/\/www.capaesculturas.com\/en\/jose-chafer\/#breadcrumb"},"inLanguage":"en-GB","potentialAction":[{"@type":"ReadAction","target":["https:\/\/www.capaesculturas.com\/en\/jose-chafer\/"]}]},{"@type":"ImageObject","inLanguage":"en-GB","@id":"https:\/\/www.capaesculturas.com\/en\/jose-chafer\/#primaryimage","url":"https:\/\/www.capaesculturas.com\/wp-content\/uploads\/Four-Seasons-Madera-abedul-1024x683-2.jpg","contentUrl":"https:\/\/www.capaesculturas.com\/wp-content\/uploads\/Four-Seasons-Madera-abedul-1024x683-2.jpg","width":1024,"height":683},{"@type":"BreadcrumbList","@id":"https:\/\/www.capaesculturas.com\/en\/jose-chafer\/#breadcrumb","itemListElement":[{"@type":"ListItem","position":1,"name":"Portada","item":"https:\/\/www.capaesculturas.com\/en\/homepage\/"},{"@type":"ListItem","position":2,"name":"Jose Ch\u00e1fer"}]},{"@type":"WebSite","@id":"https:\/\/www.capaesculturas.com\/en\/#website","url":"https:\/\/www.capaesculturas.com\/en\/","name":"Capa Esculturas","description":"Fundici\u00f3n y taller de referencia en el \u00e1mbito escult\u00f3rico","publisher":{"@id":"https:\/\/www.capaesculturas.com\/en\/#organization"},"alternateName":"Fundici\u00f3n de Esculturas Capa","potentialAction":[{"@type":"SearchAction","target":{"@type":"EntryPoint","urlTemplate":"https:\/\/www.capaesculturas.com\/en\/?s={search_term_string}"},"query-input":{"@type":"PropertyValueSpecification","valueRequired":true,"valueName":"search_term_string"}}],"inLanguage":"en-GB"},{"@type":"Organization","@id":"https:\/\/www.capaesculturas.com\/en\/#organization","name":"Capa Esculturas","alternateName":"Fundici\u00f3n y taller de referencia en el \u00e1mbito escult\u00f3rico","url":"https:\/\/www.capaesculturas.com\/en\/","logo":{"@type":"ImageObject","inLanguage":"en-GB","@id":"https:\/\/www.capaesculturas.com\/en\/#\/schema\/logo\/image\/","url":"https:\/\/www.capaesculturas.com\/wp-content\/uploads\/capa-esculturas-eps.png","contentUrl":"https:\/\/www.capaesculturas.com\/wp-content\/uploads\/capa-esculturas-eps.png","width":1911,"height":1904,"caption":"Capa Esculturas"},"image":{"@id":"https:\/\/www.capaesculturas.com\/en\/#\/schema\/logo\/image\/"}},{"@type":"Person","@id":"https:\/\/www.capaesculturas.com\/en\/#\/schema\/person\/824340306818e4b7b3a8962549a35898","name":"Capa","image":{"@type":"ImageObject","inLanguage":"en-GB","@id":"https:\/\/www.capaesculturas.com\/wp-content\/litespeed\/avatar\/894e8401b2b7be1b4bf113210f215739.jpg?ver=1777370652","url":"https:\/\/www.capaesculturas.com\/wp-content\/litespeed\/avatar\/894e8401b2b7be1b4bf113210f215739.jpg?ver=1777370652","contentUrl":"https:\/\/www.capaesculturas.com\/wp-content\/litespeed\/avatar\/894e8401b2b7be1b4bf113210f215739.jpg?ver=1777370652","caption":"Capa"},"url":"https:\/\/www.capaesculturas.com\/en\/author\/capa\/"}]}},"_links":{"self":[{"href":"https:\/\/www.capaesculturas.com\/en\/wp-json\/wp\/v2\/posts\/4702","targetHints":{"allow":["GET"]}}],"collection":[{"href":"https:\/\/www.capaesculturas.com\/en\/wp-json\/wp\/v2\/posts"}],"about":[{"href":"https:\/\/www.capaesculturas.com\/en\/wp-json\/wp\/v2\/types\/post"}],"author":[{"embeddable":true,"href":"https:\/\/www.capaesculturas.com\/en\/wp-json\/wp\/v2\/users\/3"}],"replies":[{"embeddable":true,"href":"https:\/\/www.capaesculturas.com\/en\/wp-json\/wp\/v2\/comments?post=4702"}],"version-history":[{"count":5,"href":"https:\/\/www.capaesculturas.com\/en\/wp-json\/wp\/v2\/posts\/4702\/revisions"}],"predecessor-version":[{"id":6012,"href":"https:\/\/www.capaesculturas.com\/en\/wp-json\/wp\/v2\/posts\/4702\/revisions\/6012"}],"wp:featuredmedia":[{"embeddable":true,"href":"https:\/\/www.capaesculturas.com\/en\/wp-json\/wp\/v2\/media\/4075"}],"wp:attachment":[{"href":"https:\/\/www.capaesculturas.com\/en\/wp-json\/wp\/v2\/media?parent=4702"}],"wp:term":[{"taxonomy":"category","embeddable":true,"href":"https:\/\/www.capaesculturas.com\/en\/wp-json\/wp\/v2\/categories?post=4702"},{"taxonomy":"post_tag","embeddable":true,"href":"https:\/\/www.capaesculturas.com\/en\/wp-json\/wp\/v2\/tags?post=4702"}],"curies":[{"name":"wp","href":"https:\/\/api.w.org\/{rel}","templated":true}]}}