{"id":4694,"date":"2021-11-10T13:32:00","date_gmt":"2021-11-10T12:32:00","guid":{"rendered":"https:\/\/www.capaesculturas.com\/collaboration-of-the-fundicion-capa-in-the-photography-exhibition-spanish-engineering-and-architecture-in-the-21st-century\/"},"modified":"2024-06-04T15:44:37","modified_gmt":"2024-06-04T14:44:37","slug":"collaboration-of-the-fundicion-capa-in-the-photography-exhibition-spanish-engineering-and-architecture-in-the-21st-century","status":"publish","type":"post","link":"https:\/\/www.capaesculturas.com\/en\/collaboration-of-the-fundicion-capa-in-the-photography-exhibition-spanish-engineering-and-architecture-in-the-21st-century\/","title":{"rendered":"Collaboration of the Fundici\u00f3n Capa in the photography exhibition \u201cSpanish engineering and architecture in the 21st century\u201d"},"content":{"rendered":"\n<p>The Capa Foundry is pleased to announce its collaboration in the outstanding photographic exhibition \u2018Spanish Engineering and Architecture in the 21st Century\u2019. To be held in Riga, Latvia. This event, which celebrates innovation and excellence in the field of Spanish engineering and architecture, will feature the stunning works of renowned artist and professional photographer Ricardo Santoja.<\/p>\n\n<h2 class=\"wp-block-heading\"><strong>The exhibition<\/strong><\/h2>\n\n<p>The exhibition \u2018<a href=\"https:\/\/www.exteriores.gob.es\/Embajadas\/riga\/es\/Comunicacion\/Noticias\/Paginas\/Articulos\/Exposici%C3%B3n-de-fotograf%C3%ADas-%E2%80%9CIngenier%C3%ADa-y-arquitectura-espa%C3%B1ola-en-el-siglo-XXI%E2%80%9D.aspx\">Spanish Engineering and Architecture in the 21st Century<\/a>\u2019 is a visual display highlighting the most notable achievements in these fields in recent decades. Through the lens of Ricardo Santoja, visitors will appreciate the integration of advanced technology, innovative design and sustainability in the structures that define Spain&#8217;s urban and rural landscape. The exhibition will offer a unique perspective on how these projects not only transform the physical environment, but also reflect the country&#8217;s progress and creativity.<\/p>\n\n<h2 class=\"wp-block-heading\"><strong>The artist: Ricardo Santoja<\/strong><\/h2>\n\n<p>Ricardo Santoja, a renowned professional photographer. He is known for his ability to capture the essence and grandeur of architectural and engineering works. His talent for highlighting the intrinsic beauty and technical details of these structures has been recognised internationally. The exhibition in Riga will allow visitors to immerse themselves in his artistic vision and appreciate Spain&#8217;s contributions to the world of engineering and architecture.<\/p>\n\n<h2 class=\"wp-block-heading\"><strong>Collaboration Capa<\/strong><\/h2>\n\n<p>The participation of the <a href=\"https:\/\/www.capaesculturas.com\/en\/\">Capa Foundry <\/a> in this exhibition underlines its commitment to the promotion of art and culture. The foundry, known for its innovation and quality in the world of sculpture, brings its experience and resources to support this cultural initiative. This collaboration not only strengthens the link between engineering, architecture and the visual arts. It also highlights the importance of interdisciplinary cooperation to achieve a significant impact on society.<\/p>\n\n<h2 class=\"wp-block-heading\"><strong>Conclusion<\/strong><\/h2>\n\n<p>The exhibition \u2018Spanish Engineering and Architecture in the 21st Century\u2019 in Riga is a unique opportunity to celebrate Spanish excellence in these fields. Thanks to the collaboration of the Capa Foundry, this exhibition promises to be a memorable event. It will highlight beauty and innovation in contemporary engineering and architecture. Visitors will be able to enjoy Ricardo Santoja&#8217;s artistic vision and recognise the importance of the synergy between technology, design and art.<\/p>\n\n<div style=\"height:30px\" aria-hidden=\"true\" class=\"wp-block-spacer\"><\/div>\n\n<figure class=\"wp-block-gallery has-nested-images columns-default is-cropped wp-block-gallery-1 is-layout-flex wp-block-gallery-is-layout-flex\">\n<figure class=\"wp-block-image size-large\"><img fetchpriority=\"high\" decoding=\"async\" width=\"800\" height=\"600\" data-id=\"2239\" src=\"https:\/\/www.capaesculturas.com\/wp-content\/uploads\/expo1.webp\" alt=\"\" class=\"wp-image-2239\" srcset=\"https:\/\/www.capaesculturas.com\/wp-content\/uploads\/expo1.webp 800w, https:\/\/www.capaesculturas.com\/wp-content\/uploads\/expo1-768x576.webp 768w\" sizes=\"(max-width: 800px) 100vw, 800px\" \/><\/figure>\n\n\n\n<figure class=\"wp-block-image size-large\"><img decoding=\"async\" width=\"800\" height=\"600\" data-id=\"2240\" src=\"https:\/\/www.capaesculturas.com\/wp-content\/uploads\/expo2.webp\" alt=\"\" class=\"wp-image-2240\" srcset=\"https:\/\/www.capaesculturas.com\/wp-content\/uploads\/expo2.webp 800w, https:\/\/www.capaesculturas.com\/wp-content\/uploads\/expo2-768x576.webp 768w\" sizes=\"(max-width: 800px) 100vw, 800px\" \/><\/figure>\n<\/figure>\n","protected":false},"excerpt":{"rendered":"<p>The Capa Foundry is pleased to announce its collaboration in the outstanding photographic exhibition \u2018Spanish Engineering and Architecture in the 21st Century\u2019. To be held in Riga, Latvia. This event, which celebrates innovation and excellence in the field of Spanish engineering and architecture, will feature the stunning works of renowned artist and professional photographer Ricardo &#8230; <a title=\"Collaboration of the Fundici\u00f3n Capa in the photography exhibition \u201cSpanish engineering and architecture in the 21st century\u201d\" class=\"read-more\" href=\"https:\/\/www.capaesculturas.com\/en\/collaboration-of-the-fundicion-capa-in-the-photography-exhibition-spanish-engineering-and-architecture-in-the-21st-century\/\" aria-label=\"Read more about Collaboration of the Fundici\u00f3n Capa in the photography exhibition \u201cSpanish engineering and architecture in the 21st century\u201d\">Read more<\/a><\/p>\n","protected":false},"author":3,"featured_media":4116,"comment_status":"open","ping_status":"open","sticky":false,"template":"","format":"standard","meta":{"_acf_changed":false,"footnotes":""},"categories":[36],"tags":[],"class_list":["post-4694","post","type-post","status-publish","format-standard","has-post-thumbnail","hentry","category-news"],"acf":[],"yoast_head":"<!-- This site is optimized with the Yoast SEO plugin v27.4 - https:\/\/yoast.com\/product\/yoast-seo-wordpress\/ -->\n<title>21st century architecture and engineering photography exhibition - Capa esculturas<\/title>\n<meta name=\"description\" content=\"Collaboration of Capa in the photographic exhibition \u2018Spanish engineering and architecture in the 21st century\u2019 in Latvia, with Ricardo Santoja.\" \/>\n<meta name=\"robots\" content=\"index, follow, max-snippet:-1, max-image-preview:large, max-video-preview:-1\" \/>\n<link rel=\"canonical\" href=\"https:\/\/www.capaesculturas.com\/en\/collaboration-of-the-fundicion-capa-in-the-photography-exhibition-spanish-engineering-and-architecture-in-the-21st-century\/\" \/>\n<meta property=\"og:locale\" content=\"en_GB\" \/>\n<meta property=\"og:type\" content=\"article\" \/>\n<meta property=\"og:title\" content=\"21st century architecture and engineering photography exhibition - Capa esculturas\" \/>\n<meta property=\"og:description\" content=\"Collaboration of Capa in the photographic exhibition \u2018Spanish engineering and architecture in the 21st century\u2019 in Latvia, with Ricardo Santoja.\" \/>\n<meta property=\"og:url\" content=\"https:\/\/www.capaesculturas.com\/en\/collaboration-of-the-fundicion-capa-in-the-photography-exhibition-spanish-engineering-and-architecture-in-the-21st-century\/\" \/>\n<meta property=\"og:site_name\" content=\"Capa esculturas\" \/>\n<meta property=\"article:published_time\" content=\"2021-11-10T12:32:00+00:00\" \/>\n<meta property=\"article:modified_time\" content=\"2024-06-04T14:44:37+00:00\" \/>\n<meta property=\"og:image\" content=\"https:\/\/www.capaesculturas.com\/wp-content\/uploads\/exposicion.webp\" \/>\n\t<meta property=\"og:image:width\" content=\"900\" \/>\n\t<meta property=\"og:image:height\" content=\"675\" \/>\n\t<meta property=\"og:image:type\" content=\"image\/webp\" \/>\n<meta name=\"author\" content=\"Capa\" \/>\n<meta name=\"twitter:card\" content=\"summary_large_image\" \/>\n<meta name=\"twitter:label1\" content=\"Written by\" \/>\n\t<meta name=\"twitter:data1\" content=\"Capa\" \/>\n\t<meta name=\"twitter:label2\" content=\"Estimated reading time\" \/>\n\t<meta name=\"twitter:data2\" content=\"1 minute\" \/>\n<script type=\"application\/ld+json\" class=\"yoast-schema-graph\">{\"@context\":\"https:\\\/\\\/schema.org\",\"@graph\":[{\"@type\":[\"Article\",\"BlogPosting\"],\"@id\":\"https:\\\/\\\/www.capaesculturas.com\\\/en\\\/collaboration-of-the-fundicion-capa-in-the-photography-exhibition-spanish-engineering-and-architecture-in-the-21st-century\\\/#article\",\"isPartOf\":{\"@id\":\"https:\\\/\\\/www.capaesculturas.com\\\/en\\\/collaboration-of-the-fundicion-capa-in-the-photography-exhibition-spanish-engineering-and-architecture-in-the-21st-century\\\/\"},\"author\":{\"name\":\"Capa\",\"@id\":\"https:\\\/\\\/www.capaesculturas.com\\\/en\\\/#\\\/schema\\\/person\\\/824340306818e4b7b3a8962549a35898\"},\"headline\":\"Collaboration of the Fundici\u00f3n Capa in the photography exhibition \u201cSpanish engineering and architecture in the 21st century\u201d\",\"datePublished\":\"2021-11-10T12:32:00+00:00\",\"dateModified\":\"2024-06-04T14:44:37+00:00\",\"mainEntityOfPage\":{\"@id\":\"https:\\\/\\\/www.capaesculturas.com\\\/en\\\/collaboration-of-the-fundicion-capa-in-the-photography-exhibition-spanish-engineering-and-architecture-in-the-21st-century\\\/\"},\"wordCount\":373,\"commentCount\":0,\"publisher\":{\"@id\":\"https:\\\/\\\/www.capaesculturas.com\\\/en\\\/#organization\"},\"image\":{\"@id\":\"https:\\\/\\\/www.capaesculturas.com\\\/en\\\/collaboration-of-the-fundicion-capa-in-the-photography-exhibition-spanish-engineering-and-architecture-in-the-21st-century\\\/#primaryimage\"},\"thumbnailUrl\":\"https:\\\/\\\/www.capaesculturas.com\\\/wp-content\\\/uploads\\\/exposicion.webp\",\"articleSection\":[\"News\"],\"inLanguage\":\"en-GB\",\"potentialAction\":[{\"@type\":\"CommentAction\",\"name\":\"Comment\",\"target\":[\"https:\\\/\\\/www.capaesculturas.com\\\/en\\\/collaboration-of-the-fundicion-capa-in-the-photography-exhibition-spanish-engineering-and-architecture-in-the-21st-century\\\/#respond\"]}]},{\"@type\":[\"WebPage\",\"ItemPage\"],\"@id\":\"https:\\\/\\\/www.capaesculturas.com\\\/en\\\/collaboration-of-the-fundicion-capa-in-the-photography-exhibition-spanish-engineering-and-architecture-in-the-21st-century\\\/\",\"url\":\"https:\\\/\\\/www.capaesculturas.com\\\/en\\\/collaboration-of-the-fundicion-capa-in-the-photography-exhibition-spanish-engineering-and-architecture-in-the-21st-century\\\/\",\"name\":\"21st century architecture and engineering photography exhibition - Capa esculturas\",\"isPartOf\":{\"@id\":\"https:\\\/\\\/www.capaesculturas.com\\\/en\\\/#website\"},\"primaryImageOfPage\":{\"@id\":\"https:\\\/\\\/www.capaesculturas.com\\\/en\\\/collaboration-of-the-fundicion-capa-in-the-photography-exhibition-spanish-engineering-and-architecture-in-the-21st-century\\\/#primaryimage\"},\"image\":{\"@id\":\"https:\\\/\\\/www.capaesculturas.com\\\/en\\\/collaboration-of-the-fundicion-capa-in-the-photography-exhibition-spanish-engineering-and-architecture-in-the-21st-century\\\/#primaryimage\"},\"thumbnailUrl\":\"https:\\\/\\\/www.capaesculturas.com\\\/wp-content\\\/uploads\\\/exposicion.webp\",\"datePublished\":\"2021-11-10T12:32:00+00:00\",\"dateModified\":\"2024-06-04T14:44:37+00:00\",\"description\":\"Collaboration of Capa in the photographic exhibition \u2018Spanish engineering and architecture in the 21st century\u2019 in Latvia, with Ricardo Santoja.\",\"breadcrumb\":{\"@id\":\"https:\\\/\\\/www.capaesculturas.com\\\/en\\\/collaboration-of-the-fundicion-capa-in-the-photography-exhibition-spanish-engineering-and-architecture-in-the-21st-century\\\/#breadcrumb\"},\"inLanguage\":\"en-GB\",\"potentialAction\":[{\"@type\":\"ReadAction\",\"target\":[\"https:\\\/\\\/www.capaesculturas.com\\\/en\\\/collaboration-of-the-fundicion-capa-in-the-photography-exhibition-spanish-engineering-and-architecture-in-the-21st-century\\\/\"]}]},{\"@type\":\"ImageObject\",\"inLanguage\":\"en-GB\",\"@id\":\"https:\\\/\\\/www.capaesculturas.com\\\/en\\\/collaboration-of-the-fundicion-capa-in-the-photography-exhibition-spanish-engineering-and-architecture-in-the-21st-century\\\/#primaryimage\",\"url\":\"https:\\\/\\\/www.capaesculturas.com\\\/wp-content\\\/uploads\\\/exposicion.webp\",\"contentUrl\":\"https:\\\/\\\/www.capaesculturas.com\\\/wp-content\\\/uploads\\\/exposicion.webp\",\"width\":900,\"height\":675,\"caption\":\"metal workshop\"},{\"@type\":\"BreadcrumbList\",\"@id\":\"https:\\\/\\\/www.capaesculturas.com\\\/en\\\/collaboration-of-the-fundicion-capa-in-the-photography-exhibition-spanish-engineering-and-architecture-in-the-21st-century\\\/#breadcrumb\",\"itemListElement\":[{\"@type\":\"ListItem\",\"position\":1,\"name\":\"Portada\",\"item\":\"https:\\\/\\\/www.capaesculturas.com\\\/en\\\/homepage\\\/\"},{\"@type\":\"ListItem\",\"position\":2,\"name\":\"Collaboration of the Fundici\u00f3n Capa in the photography exhibition \u201cSpanish engineering and architecture in the 21st century\u201d\"}]},{\"@type\":\"WebSite\",\"@id\":\"https:\\\/\\\/www.capaesculturas.com\\\/en\\\/#website\",\"url\":\"https:\\\/\\\/www.capaesculturas.com\\\/en\\\/\",\"name\":\"Capa Esculturas\",\"description\":\"Fundici\u00f3n y taller de referencia en el \u00e1mbito escult\u00f3rico\",\"publisher\":{\"@id\":\"https:\\\/\\\/www.capaesculturas.com\\\/en\\\/#organization\"},\"alternateName\":\"Fundici\u00f3n de Esculturas Capa\",\"potentialAction\":[{\"@type\":\"SearchAction\",\"target\":{\"@type\":\"EntryPoint\",\"urlTemplate\":\"https:\\\/\\\/www.capaesculturas.com\\\/en\\\/?s={search_term_string}\"},\"query-input\":{\"@type\":\"PropertyValueSpecification\",\"valueRequired\":true,\"valueName\":\"search_term_string\"}}],\"inLanguage\":\"en-GB\"},{\"@type\":\"Organization\",\"@id\":\"https:\\\/\\\/www.capaesculturas.com\\\/en\\\/#organization\",\"name\":\"Capa Esculturas\",\"alternateName\":\"Fundici\u00f3n y taller de referencia en el \u00e1mbito escult\u00f3rico\",\"url\":\"https:\\\/\\\/www.capaesculturas.com\\\/en\\\/\",\"logo\":{\"@type\":\"ImageObject\",\"inLanguage\":\"en-GB\",\"@id\":\"https:\\\/\\\/www.capaesculturas.com\\\/en\\\/#\\\/schema\\\/logo\\\/image\\\/\",\"url\":\"https:\\\/\\\/www.capaesculturas.com\\\/wp-content\\\/uploads\\\/capa-esculturas-eps.png\",\"contentUrl\":\"https:\\\/\\\/www.capaesculturas.com\\\/wp-content\\\/uploads\\\/capa-esculturas-eps.png\",\"width\":1911,\"height\":1904,\"caption\":\"Capa Esculturas\"},\"image\":{\"@id\":\"https:\\\/\\\/www.capaesculturas.com\\\/en\\\/#\\\/schema\\\/logo\\\/image\\\/\"}},{\"@type\":\"Person\",\"@id\":\"https:\\\/\\\/www.capaesculturas.com\\\/en\\\/#\\\/schema\\\/person\\\/824340306818e4b7b3a8962549a35898\",\"name\":\"Capa\",\"image\":{\"@type\":\"ImageObject\",\"inLanguage\":\"en-GB\",\"@id\":\"https:\\\/\\\/www.capaesculturas.com\\\/wp-content\\\/litespeed\\\/avatar\\\/894e8401b2b7be1b4bf113210f215739.jpg?ver=1777370652\",\"url\":\"https:\\\/\\\/www.capaesculturas.com\\\/wp-content\\\/litespeed\\\/avatar\\\/894e8401b2b7be1b4bf113210f215739.jpg?ver=1777370652\",\"contentUrl\":\"https:\\\/\\\/www.capaesculturas.com\\\/wp-content\\\/litespeed\\\/avatar\\\/894e8401b2b7be1b4bf113210f215739.jpg?ver=1777370652\",\"caption\":\"Capa\"},\"url\":\"https:\\\/\\\/www.capaesculturas.com\\\/en\\\/author\\\/capa\\\/\"}]}<\/script>\n<!-- \/ Yoast SEO plugin. -->","yoast_head_json":{"title":"21st century architecture and engineering photography exhibition - Capa esculturas","description":"Collaboration of Capa in the photographic exhibition \u2018Spanish engineering and architecture in the 21st century\u2019 in Latvia, with Ricardo Santoja.","robots":{"index":"index","follow":"follow","max-snippet":"max-snippet:-1","max-image-preview":"max-image-preview:large","max-video-preview":"max-video-preview:-1"},"canonical":"https:\/\/www.capaesculturas.com\/en\/collaboration-of-the-fundicion-capa-in-the-photography-exhibition-spanish-engineering-and-architecture-in-the-21st-century\/","og_locale":"en_GB","og_type":"article","og_title":"21st century architecture and engineering photography exhibition - Capa esculturas","og_description":"Collaboration of Capa in the photographic exhibition \u2018Spanish engineering and architecture in the 21st century\u2019 in Latvia, with Ricardo Santoja.","og_url":"https:\/\/www.capaesculturas.com\/en\/collaboration-of-the-fundicion-capa-in-the-photography-exhibition-spanish-engineering-and-architecture-in-the-21st-century\/","og_site_name":"Capa esculturas","article_published_time":"2021-11-10T12:32:00+00:00","article_modified_time":"2024-06-04T14:44:37+00:00","og_image":[{"width":900,"height":675,"url":"https:\/\/www.capaesculturas.com\/wp-content\/uploads\/exposicion.webp","type":"image\/webp"}],"author":"Capa","twitter_card":"summary_large_image","twitter_misc":{"Written by":"Capa","Estimated reading time":"1 minute"},"schema":{"@context":"https:\/\/schema.org","@graph":[{"@type":["Article","BlogPosting"],"@id":"https:\/\/www.capaesculturas.com\/en\/collaboration-of-the-fundicion-capa-in-the-photography-exhibition-spanish-engineering-and-architecture-in-the-21st-century\/#article","isPartOf":{"@id":"https:\/\/www.capaesculturas.com\/en\/collaboration-of-the-fundicion-capa-in-the-photography-exhibition-spanish-engineering-and-architecture-in-the-21st-century\/"},"author":{"name":"Capa","@id":"https:\/\/www.capaesculturas.com\/en\/#\/schema\/person\/824340306818e4b7b3a8962549a35898"},"headline":"Collaboration of the Fundici\u00f3n Capa in the photography exhibition \u201cSpanish engineering and architecture in the 21st century\u201d","datePublished":"2021-11-10T12:32:00+00:00","dateModified":"2024-06-04T14:44:37+00:00","mainEntityOfPage":{"@id":"https:\/\/www.capaesculturas.com\/en\/collaboration-of-the-fundicion-capa-in-the-photography-exhibition-spanish-engineering-and-architecture-in-the-21st-century\/"},"wordCount":373,"commentCount":0,"publisher":{"@id":"https:\/\/www.capaesculturas.com\/en\/#organization"},"image":{"@id":"https:\/\/www.capaesculturas.com\/en\/collaboration-of-the-fundicion-capa-in-the-photography-exhibition-spanish-engineering-and-architecture-in-the-21st-century\/#primaryimage"},"thumbnailUrl":"https:\/\/www.capaesculturas.com\/wp-content\/uploads\/exposicion.webp","articleSection":["News"],"inLanguage":"en-GB","potentialAction":[{"@type":"CommentAction","name":"Comment","target":["https:\/\/www.capaesculturas.com\/en\/collaboration-of-the-fundicion-capa-in-the-photography-exhibition-spanish-engineering-and-architecture-in-the-21st-century\/#respond"]}]},{"@type":["WebPage","ItemPage"],"@id":"https:\/\/www.capaesculturas.com\/en\/collaboration-of-the-fundicion-capa-in-the-photography-exhibition-spanish-engineering-and-architecture-in-the-21st-century\/","url":"https:\/\/www.capaesculturas.com\/en\/collaboration-of-the-fundicion-capa-in-the-photography-exhibition-spanish-engineering-and-architecture-in-the-21st-century\/","name":"21st century architecture and engineering photography exhibition - Capa esculturas","isPartOf":{"@id":"https:\/\/www.capaesculturas.com\/en\/#website"},"primaryImageOfPage":{"@id":"https:\/\/www.capaesculturas.com\/en\/collaboration-of-the-fundicion-capa-in-the-photography-exhibition-spanish-engineering-and-architecture-in-the-21st-century\/#primaryimage"},"image":{"@id":"https:\/\/www.capaesculturas.com\/en\/collaboration-of-the-fundicion-capa-in-the-photography-exhibition-spanish-engineering-and-architecture-in-the-21st-century\/#primaryimage"},"thumbnailUrl":"https:\/\/www.capaesculturas.com\/wp-content\/uploads\/exposicion.webp","datePublished":"2021-11-10T12:32:00+00:00","dateModified":"2024-06-04T14:44:37+00:00","description":"Collaboration of Capa in the photographic exhibition \u2018Spanish engineering and architecture in the 21st century\u2019 in Latvia, with Ricardo Santoja.","breadcrumb":{"@id":"https:\/\/www.capaesculturas.com\/en\/collaboration-of-the-fundicion-capa-in-the-photography-exhibition-spanish-engineering-and-architecture-in-the-21st-century\/#breadcrumb"},"inLanguage":"en-GB","potentialAction":[{"@type":"ReadAction","target":["https:\/\/www.capaesculturas.com\/en\/collaboration-of-the-fundicion-capa-in-the-photography-exhibition-spanish-engineering-and-architecture-in-the-21st-century\/"]}]},{"@type":"ImageObject","inLanguage":"en-GB","@id":"https:\/\/www.capaesculturas.com\/en\/collaboration-of-the-fundicion-capa-in-the-photography-exhibition-spanish-engineering-and-architecture-in-the-21st-century\/#primaryimage","url":"https:\/\/www.capaesculturas.com\/wp-content\/uploads\/exposicion.webp","contentUrl":"https:\/\/www.capaesculturas.com\/wp-content\/uploads\/exposicion.webp","width":900,"height":675,"caption":"metal workshop"},{"@type":"BreadcrumbList","@id":"https:\/\/www.capaesculturas.com\/en\/collaboration-of-the-fundicion-capa-in-the-photography-exhibition-spanish-engineering-and-architecture-in-the-21st-century\/#breadcrumb","itemListElement":[{"@type":"ListItem","position":1,"name":"Portada","item":"https:\/\/www.capaesculturas.com\/en\/homepage\/"},{"@type":"ListItem","position":2,"name":"Collaboration of the Fundici\u00f3n Capa in the photography exhibition \u201cSpanish engineering and architecture in the 21st century\u201d"}]},{"@type":"WebSite","@id":"https:\/\/www.capaesculturas.com\/en\/#website","url":"https:\/\/www.capaesculturas.com\/en\/","name":"Capa Esculturas","description":"Fundici\u00f3n y taller de referencia en el \u00e1mbito escult\u00f3rico","publisher":{"@id":"https:\/\/www.capaesculturas.com\/en\/#organization"},"alternateName":"Fundici\u00f3n de Esculturas Capa","potentialAction":[{"@type":"SearchAction","target":{"@type":"EntryPoint","urlTemplate":"https:\/\/www.capaesculturas.com\/en\/?s={search_term_string}"},"query-input":{"@type":"PropertyValueSpecification","valueRequired":true,"valueName":"search_term_string"}}],"inLanguage":"en-GB"},{"@type":"Organization","@id":"https:\/\/www.capaesculturas.com\/en\/#organization","name":"Capa Esculturas","alternateName":"Fundici\u00f3n y taller de referencia en el \u00e1mbito escult\u00f3rico","url":"https:\/\/www.capaesculturas.com\/en\/","logo":{"@type":"ImageObject","inLanguage":"en-GB","@id":"https:\/\/www.capaesculturas.com\/en\/#\/schema\/logo\/image\/","url":"https:\/\/www.capaesculturas.com\/wp-content\/uploads\/capa-esculturas-eps.png","contentUrl":"https:\/\/www.capaesculturas.com\/wp-content\/uploads\/capa-esculturas-eps.png","width":1911,"height":1904,"caption":"Capa Esculturas"},"image":{"@id":"https:\/\/www.capaesculturas.com\/en\/#\/schema\/logo\/image\/"}},{"@type":"Person","@id":"https:\/\/www.capaesculturas.com\/en\/#\/schema\/person\/824340306818e4b7b3a8962549a35898","name":"Capa","image":{"@type":"ImageObject","inLanguage":"en-GB","@id":"https:\/\/www.capaesculturas.com\/wp-content\/litespeed\/avatar\/894e8401b2b7be1b4bf113210f215739.jpg?ver=1777370652","url":"https:\/\/www.capaesculturas.com\/wp-content\/litespeed\/avatar\/894e8401b2b7be1b4bf113210f215739.jpg?ver=1777370652","contentUrl":"https:\/\/www.capaesculturas.com\/wp-content\/litespeed\/avatar\/894e8401b2b7be1b4bf113210f215739.jpg?ver=1777370652","caption":"Capa"},"url":"https:\/\/www.capaesculturas.com\/en\/author\/capa\/"}]}},"_links":{"self":[{"href":"https:\/\/www.capaesculturas.com\/en\/wp-json\/wp\/v2\/posts\/4694","targetHints":{"allow":["GET"]}}],"collection":[{"href":"https:\/\/www.capaesculturas.com\/en\/wp-json\/wp\/v2\/posts"}],"about":[{"href":"https:\/\/www.capaesculturas.com\/en\/wp-json\/wp\/v2\/types\/post"}],"author":[{"embeddable":true,"href":"https:\/\/www.capaesculturas.com\/en\/wp-json\/wp\/v2\/users\/3"}],"replies":[{"embeddable":true,"href":"https:\/\/www.capaesculturas.com\/en\/wp-json\/wp\/v2\/comments?post=4694"}],"version-history":[{"count":5,"href":"https:\/\/www.capaesculturas.com\/en\/wp-json\/wp\/v2\/posts\/4694\/revisions"}],"predecessor-version":[{"id":6024,"href":"https:\/\/www.capaesculturas.com\/en\/wp-json\/wp\/v2\/posts\/4694\/revisions\/6024"}],"wp:featuredmedia":[{"embeddable":true,"href":"https:\/\/www.capaesculturas.com\/en\/wp-json\/wp\/v2\/media\/4116"}],"wp:attachment":[{"href":"https:\/\/www.capaesculturas.com\/en\/wp-json\/wp\/v2\/media?parent=4694"}],"wp:term":[{"taxonomy":"category","embeddable":true,"href":"https:\/\/www.capaesculturas.com\/en\/wp-json\/wp\/v2\/categories?post=4694"},{"taxonomy":"post_tag","embeddable":true,"href":"https:\/\/www.capaesculturas.com\/en\/wp-json\/wp\/v2\/tags?post=4694"}],"curies":[{"name":"wp","href":"https:\/\/api.w.org\/{rel}","templated":true}]}}