{"id":4690,"date":"2022-02-14T13:31:00","date_gmt":"2022-02-14T12:31:00","guid":{"rendered":"https:\/\/www.capaesculturas.com\/capa-at-madrid-design-festival-2022\/"},"modified":"2024-06-04T15:45:26","modified_gmt":"2024-06-04T14:45:26","slug":"capa-at-madrid-design-festival-2022","status":"publish","type":"post","link":"https:\/\/www.capaesculturas.com\/en\/capa-at-madrid-design-festival-2022\/","title":{"rendered":"CAPA at Madrid Design Festival 2022"},"content":{"rendered":"\n<p><\/p>\n\n<h2 class=\"wp-block-heading\"><strong>Innovation in Sculpture, Architecture and Design Conference<\/strong><\/h2>\n\n<p>As part of the program of the fifth edition of <a href=\"https:\/\/madriddesignfestival.lafabrica.com\/\">Madrid Design Festival<\/a> 22, the Capa Foundry, with its general director Fernando Capa and photographer Ricardo Santonja, held a conference entitled \u201cInnovation in sculpture, architecture and design\u201d. This event stood out for presenting the latest technological advances that our foundry offers to turn the works and ideas of sculptors, architects and designers into reality. The conference focused on how innovation and technology can transform the creative process, from conception to execution, allowing artists and designers to explore new possibilities and realize their visions with precision and efficiency.<\/p>\n\n<h2 class=\"wp-block-heading\"><strong>Presentation of the 3rd CAPA International Sculpture Competition<\/strong><\/h2>\n\n<p>In addition, during the Madrid Design Festival, the III CAPA International Sculpture Competition was presented. This competition is an outstanding platform for emerging and established sculptors seeking to showcase their talent and creativity on an international level. Renowned companies such as Cosentino and I+D+Art collaborate closely in this contest, providing resources and support so that participants can develop their projects. The collaboration with Cosentino, a leading company in innovative surfaces for the world of design and architecture, and R&amp;D+Art, which specializes in the integration of technology and art, highlights the Capa Foundry&#8217;s commitment to excellence and innovation in the field of sculpture.<\/p>\n\n<h2 class=\"wp-block-heading\"><strong>Exhibition of winning works<\/strong><\/h2>\n\n<p>An exhibition of some of the winning entries from previous editions of the contest was also inaugurated. This exhibition will be available throughout the month of February at Cosentino City Madrid, offering the public the opportunity to appreciate up close the pieces that have been recognized for their originality and artistic quality. The exhibition not only celebrates the talent of the winning artists, but also inspires new creators to participate in future editions of the competition.<\/p>\n\n<h2 class=\"wp-block-heading\"><strong>Conclusion<\/strong><\/h2>\n\n<p>In short, the conference and competition organized by the Capa Foundry, in collaboration with Cosentino and I+D+Art, not only promote innovation in art and design, but also provide an important platform for artists to share their work with a wider audience and access new opportunities in the international arena. These initiatives demonstrate the Capa Foundry&#8217;s commitment to fostering creativity and excellence in sculpture, architecture and design.<\/p>\n\n<p>Click here to view our <a href=\"https:\/\/www.capaesculturas.com\/en\/realized-works\/\">completed projects<\/a> <\/p>\n\n<p>\u00a0<\/p>\n","protected":false},"excerpt":{"rendered":"<p>Innovation in Sculpture, Architecture and Design Conference As part of the program of the fifth edition of Madrid Design Festival 22, the Capa Foundry, with its general director Fernando Capa and photographer Ricardo Santonja, held a conference entitled \u201cInnovation in sculpture, architecture and design\u201d. This event stood out for presenting the latest technological advances that &#8230; <a title=\"CAPA at Madrid Design Festival 2022\" class=\"read-more\" href=\"https:\/\/www.capaesculturas.com\/en\/capa-at-madrid-design-festival-2022\/\" aria-label=\"Read more about CAPA at Madrid Design Festival 2022\">Read more<\/a><\/p>\n","protected":false},"author":3,"featured_media":4056,"comment_status":"open","ping_status":"open","sticky":false,"template":"","format":"standard","meta":{"_acf_changed":false,"footnotes":""},"categories":[36],"tags":[],"class_list":["post-4690","post","type-post","status-publish","format-standard","has-post-thumbnail","hentry","category-news"],"acf":[],"yoast_head":"<!-- This site is optimized with the Yoast SEO plugin v27.4 - https:\/\/yoast.com\/product\/yoast-seo-wordpress\/ -->\n<title>CAPA at Madrid Design Festival 2022 - Capa esculturas<\/title>\n<meta name=\"description\" content=\"Fundici\u00f3n Capa, in collaboration with Cosentino and I+D+Art, holds the conference &quot;Innovation in sculpture, architecture and design&quot; at the Madrid Design Festival\" \/>\n<meta name=\"robots\" content=\"index, follow, max-snippet:-1, max-image-preview:large, max-video-preview:-1\" \/>\n<link rel=\"canonical\" href=\"https:\/\/www.capaesculturas.com\/en\/capa-at-madrid-design-festival-2022\/\" \/>\n<meta property=\"og:locale\" content=\"en_GB\" \/>\n<meta property=\"og:type\" content=\"article\" \/>\n<meta property=\"og:title\" content=\"CAPA at Madrid Design Festival 2022 - Capa esculturas\" \/>\n<meta property=\"og:description\" content=\"Fundici\u00f3n Capa, in collaboration with Cosentino and I+D+Art, holds the conference &quot;Innovation in sculpture, architecture and design&quot; at the Madrid Design Festival\" \/>\n<meta property=\"og:url\" content=\"https:\/\/www.capaesculturas.com\/en\/capa-at-madrid-design-festival-2022\/\" \/>\n<meta property=\"og:site_name\" content=\"Capa esculturas\" \/>\n<meta property=\"article:published_time\" content=\"2022-02-14T12:31:00+00:00\" \/>\n<meta property=\"article:modified_time\" content=\"2024-06-04T14:45:26+00:00\" \/>\n<meta property=\"og:image\" content=\"https:\/\/www.capaesculturas.com\/wp-content\/uploads\/noticia_6_gt.jpg\" \/>\n\t<meta property=\"og:image:width\" content=\"555\" \/>\n\t<meta property=\"og:image:height\" content=\"360\" \/>\n\t<meta property=\"og:image:type\" content=\"image\/jpeg\" \/>\n<meta name=\"author\" content=\"Capa\" \/>\n<meta name=\"twitter:card\" content=\"summary_large_image\" \/>\n<meta name=\"twitter:label1\" content=\"Written by\" \/>\n\t<meta name=\"twitter:data1\" content=\"Capa\" \/>\n\t<meta name=\"twitter:label2\" content=\"Estimated reading time\" \/>\n\t<meta name=\"twitter:data2\" content=\"1 minute\" \/>\n<script type=\"application\/ld+json\" class=\"yoast-schema-graph\">{\"@context\":\"https:\\\/\\\/schema.org\",\"@graph\":[{\"@type\":[\"Article\",\"BlogPosting\"],\"@id\":\"https:\\\/\\\/www.capaesculturas.com\\\/en\\\/capa-at-madrid-design-festival-2022\\\/#article\",\"isPartOf\":{\"@id\":\"https:\\\/\\\/www.capaesculturas.com\\\/en\\\/capa-at-madrid-design-festival-2022\\\/\"},\"author\":{\"name\":\"Capa\",\"@id\":\"https:\\\/\\\/www.capaesculturas.com\\\/en\\\/#\\\/schema\\\/person\\\/824340306818e4b7b3a8962549a35898\"},\"headline\":\"CAPA at Madrid Design Festival 2022\",\"datePublished\":\"2022-02-14T12:31:00+00:00\",\"dateModified\":\"2024-06-04T14:45:26+00:00\",\"mainEntityOfPage\":{\"@id\":\"https:\\\/\\\/www.capaesculturas.com\\\/en\\\/capa-at-madrid-design-festival-2022\\\/\"},\"wordCount\":381,\"commentCount\":0,\"publisher\":{\"@id\":\"https:\\\/\\\/www.capaesculturas.com\\\/en\\\/#organization\"},\"image\":{\"@id\":\"https:\\\/\\\/www.capaesculturas.com\\\/en\\\/capa-at-madrid-design-festival-2022\\\/#primaryimage\"},\"thumbnailUrl\":\"https:\\\/\\\/www.capaesculturas.com\\\/wp-content\\\/uploads\\\/noticia_6_gt.jpg\",\"articleSection\":[\"News\"],\"inLanguage\":\"en-GB\",\"potentialAction\":[{\"@type\":\"CommentAction\",\"name\":\"Comment\",\"target\":[\"https:\\\/\\\/www.capaesculturas.com\\\/en\\\/capa-at-madrid-design-festival-2022\\\/#respond\"]}]},{\"@type\":[\"WebPage\",\"ItemPage\"],\"@id\":\"https:\\\/\\\/www.capaesculturas.com\\\/en\\\/capa-at-madrid-design-festival-2022\\\/\",\"url\":\"https:\\\/\\\/www.capaesculturas.com\\\/en\\\/capa-at-madrid-design-festival-2022\\\/\",\"name\":\"CAPA at Madrid Design Festival 2022 - Capa esculturas\",\"isPartOf\":{\"@id\":\"https:\\\/\\\/www.capaesculturas.com\\\/en\\\/#website\"},\"primaryImageOfPage\":{\"@id\":\"https:\\\/\\\/www.capaesculturas.com\\\/en\\\/capa-at-madrid-design-festival-2022\\\/#primaryimage\"},\"image\":{\"@id\":\"https:\\\/\\\/www.capaesculturas.com\\\/en\\\/capa-at-madrid-design-festival-2022\\\/#primaryimage\"},\"thumbnailUrl\":\"https:\\\/\\\/www.capaesculturas.com\\\/wp-content\\\/uploads\\\/noticia_6_gt.jpg\",\"datePublished\":\"2022-02-14T12:31:00+00:00\",\"dateModified\":\"2024-06-04T14:45:26+00:00\",\"description\":\"Fundici\u00f3n Capa, in collaboration with Cosentino and I+D+Art, holds the conference \\\"Innovation in sculpture, architecture and design\\\" at the Madrid Design Festival\",\"breadcrumb\":{\"@id\":\"https:\\\/\\\/www.capaesculturas.com\\\/en\\\/capa-at-madrid-design-festival-2022\\\/#breadcrumb\"},\"inLanguage\":\"en-GB\",\"potentialAction\":[{\"@type\":\"ReadAction\",\"target\":[\"https:\\\/\\\/www.capaesculturas.com\\\/en\\\/capa-at-madrid-design-festival-2022\\\/\"]}]},{\"@type\":\"ImageObject\",\"inLanguage\":\"en-GB\",\"@id\":\"https:\\\/\\\/www.capaesculturas.com\\\/en\\\/capa-at-madrid-design-festival-2022\\\/#primaryimage\",\"url\":\"https:\\\/\\\/www.capaesculturas.com\\\/wp-content\\\/uploads\\\/noticia_6_gt.jpg\",\"contentUrl\":\"https:\\\/\\\/www.capaesculturas.com\\\/wp-content\\\/uploads\\\/noticia_6_gt.jpg\",\"width\":555,\"height\":360,\"caption\":\"7 Stars of Sport Award by Gadea Capa\"},{\"@type\":\"BreadcrumbList\",\"@id\":\"https:\\\/\\\/www.capaesculturas.com\\\/en\\\/capa-at-madrid-design-festival-2022\\\/#breadcrumb\",\"itemListElement\":[{\"@type\":\"ListItem\",\"position\":1,\"name\":\"Portada\",\"item\":\"https:\\\/\\\/www.capaesculturas.com\\\/en\\\/homepage\\\/\"},{\"@type\":\"ListItem\",\"position\":2,\"name\":\"CAPA at Madrid Design Festival 2022\"}]},{\"@type\":\"WebSite\",\"@id\":\"https:\\\/\\\/www.capaesculturas.com\\\/en\\\/#website\",\"url\":\"https:\\\/\\\/www.capaesculturas.com\\\/en\\\/\",\"name\":\"Capa Esculturas\",\"description\":\"Fundici\u00f3n y taller de referencia en el \u00e1mbito escult\u00f3rico\",\"publisher\":{\"@id\":\"https:\\\/\\\/www.capaesculturas.com\\\/en\\\/#organization\"},\"alternateName\":\"Fundici\u00f3n de Esculturas Capa\",\"potentialAction\":[{\"@type\":\"SearchAction\",\"target\":{\"@type\":\"EntryPoint\",\"urlTemplate\":\"https:\\\/\\\/www.capaesculturas.com\\\/en\\\/?s={search_term_string}\"},\"query-input\":{\"@type\":\"PropertyValueSpecification\",\"valueRequired\":true,\"valueName\":\"search_term_string\"}}],\"inLanguage\":\"en-GB\"},{\"@type\":\"Organization\",\"@id\":\"https:\\\/\\\/www.capaesculturas.com\\\/en\\\/#organization\",\"name\":\"Capa Esculturas\",\"alternateName\":\"Fundici\u00f3n y taller de referencia en el \u00e1mbito escult\u00f3rico\",\"url\":\"https:\\\/\\\/www.capaesculturas.com\\\/en\\\/\",\"logo\":{\"@type\":\"ImageObject\",\"inLanguage\":\"en-GB\",\"@id\":\"https:\\\/\\\/www.capaesculturas.com\\\/en\\\/#\\\/schema\\\/logo\\\/image\\\/\",\"url\":\"https:\\\/\\\/www.capaesculturas.com\\\/wp-content\\\/uploads\\\/capa-esculturas-eps.png\",\"contentUrl\":\"https:\\\/\\\/www.capaesculturas.com\\\/wp-content\\\/uploads\\\/capa-esculturas-eps.png\",\"width\":1911,\"height\":1904,\"caption\":\"Capa Esculturas\"},\"image\":{\"@id\":\"https:\\\/\\\/www.capaesculturas.com\\\/en\\\/#\\\/schema\\\/logo\\\/image\\\/\"}},{\"@type\":\"Person\",\"@id\":\"https:\\\/\\\/www.capaesculturas.com\\\/en\\\/#\\\/schema\\\/person\\\/824340306818e4b7b3a8962549a35898\",\"name\":\"Capa\",\"image\":{\"@type\":\"ImageObject\",\"inLanguage\":\"en-GB\",\"@id\":\"https:\\\/\\\/www.capaesculturas.com\\\/wp-content\\\/litespeed\\\/avatar\\\/894e8401b2b7be1b4bf113210f215739.jpg?ver=1777370652\",\"url\":\"https:\\\/\\\/www.capaesculturas.com\\\/wp-content\\\/litespeed\\\/avatar\\\/894e8401b2b7be1b4bf113210f215739.jpg?ver=1777370652\",\"contentUrl\":\"https:\\\/\\\/www.capaesculturas.com\\\/wp-content\\\/litespeed\\\/avatar\\\/894e8401b2b7be1b4bf113210f215739.jpg?ver=1777370652\",\"caption\":\"Capa\"},\"url\":\"https:\\\/\\\/www.capaesculturas.com\\\/en\\\/author\\\/capa\\\/\"}]}<\/script>\n<!-- \/ Yoast SEO plugin. -->","yoast_head_json":{"title":"CAPA at Madrid Design Festival 2022 - Capa esculturas","description":"Fundici\u00f3n Capa, in collaboration with Cosentino and I+D+Art, holds the conference \"Innovation in sculpture, architecture and design\" at the Madrid Design Festival","robots":{"index":"index","follow":"follow","max-snippet":"max-snippet:-1","max-image-preview":"max-image-preview:large","max-video-preview":"max-video-preview:-1"},"canonical":"https:\/\/www.capaesculturas.com\/en\/capa-at-madrid-design-festival-2022\/","og_locale":"en_GB","og_type":"article","og_title":"CAPA at Madrid Design Festival 2022 - Capa esculturas","og_description":"Fundici\u00f3n Capa, in collaboration with Cosentino and I+D+Art, holds the conference \"Innovation in sculpture, architecture and design\" at the Madrid Design Festival","og_url":"https:\/\/www.capaesculturas.com\/en\/capa-at-madrid-design-festival-2022\/","og_site_name":"Capa esculturas","article_published_time":"2022-02-14T12:31:00+00:00","article_modified_time":"2024-06-04T14:45:26+00:00","og_image":[{"width":555,"height":360,"url":"https:\/\/www.capaesculturas.com\/wp-content\/uploads\/noticia_6_gt.jpg","type":"image\/jpeg"}],"author":"Capa","twitter_card":"summary_large_image","twitter_misc":{"Written by":"Capa","Estimated reading time":"1 minute"},"schema":{"@context":"https:\/\/schema.org","@graph":[{"@type":["Article","BlogPosting"],"@id":"https:\/\/www.capaesculturas.com\/en\/capa-at-madrid-design-festival-2022\/#article","isPartOf":{"@id":"https:\/\/www.capaesculturas.com\/en\/capa-at-madrid-design-festival-2022\/"},"author":{"name":"Capa","@id":"https:\/\/www.capaesculturas.com\/en\/#\/schema\/person\/824340306818e4b7b3a8962549a35898"},"headline":"CAPA at Madrid Design Festival 2022","datePublished":"2022-02-14T12:31:00+00:00","dateModified":"2024-06-04T14:45:26+00:00","mainEntityOfPage":{"@id":"https:\/\/www.capaesculturas.com\/en\/capa-at-madrid-design-festival-2022\/"},"wordCount":381,"commentCount":0,"publisher":{"@id":"https:\/\/www.capaesculturas.com\/en\/#organization"},"image":{"@id":"https:\/\/www.capaesculturas.com\/en\/capa-at-madrid-design-festival-2022\/#primaryimage"},"thumbnailUrl":"https:\/\/www.capaesculturas.com\/wp-content\/uploads\/noticia_6_gt.jpg","articleSection":["News"],"inLanguage":"en-GB","potentialAction":[{"@type":"CommentAction","name":"Comment","target":["https:\/\/www.capaesculturas.com\/en\/capa-at-madrid-design-festival-2022\/#respond"]}]},{"@type":["WebPage","ItemPage"],"@id":"https:\/\/www.capaesculturas.com\/en\/capa-at-madrid-design-festival-2022\/","url":"https:\/\/www.capaesculturas.com\/en\/capa-at-madrid-design-festival-2022\/","name":"CAPA at Madrid Design Festival 2022 - Capa esculturas","isPartOf":{"@id":"https:\/\/www.capaesculturas.com\/en\/#website"},"primaryImageOfPage":{"@id":"https:\/\/www.capaesculturas.com\/en\/capa-at-madrid-design-festival-2022\/#primaryimage"},"image":{"@id":"https:\/\/www.capaesculturas.com\/en\/capa-at-madrid-design-festival-2022\/#primaryimage"},"thumbnailUrl":"https:\/\/www.capaesculturas.com\/wp-content\/uploads\/noticia_6_gt.jpg","datePublished":"2022-02-14T12:31:00+00:00","dateModified":"2024-06-04T14:45:26+00:00","description":"Fundici\u00f3n Capa, in collaboration with Cosentino and I+D+Art, holds the conference \"Innovation in sculpture, architecture and design\" at the Madrid Design Festival","breadcrumb":{"@id":"https:\/\/www.capaesculturas.com\/en\/capa-at-madrid-design-festival-2022\/#breadcrumb"},"inLanguage":"en-GB","potentialAction":[{"@type":"ReadAction","target":["https:\/\/www.capaesculturas.com\/en\/capa-at-madrid-design-festival-2022\/"]}]},{"@type":"ImageObject","inLanguage":"en-GB","@id":"https:\/\/www.capaesculturas.com\/en\/capa-at-madrid-design-festival-2022\/#primaryimage","url":"https:\/\/www.capaesculturas.com\/wp-content\/uploads\/noticia_6_gt.jpg","contentUrl":"https:\/\/www.capaesculturas.com\/wp-content\/uploads\/noticia_6_gt.jpg","width":555,"height":360,"caption":"7 Stars of Sport Award by Gadea Capa"},{"@type":"BreadcrumbList","@id":"https:\/\/www.capaesculturas.com\/en\/capa-at-madrid-design-festival-2022\/#breadcrumb","itemListElement":[{"@type":"ListItem","position":1,"name":"Portada","item":"https:\/\/www.capaesculturas.com\/en\/homepage\/"},{"@type":"ListItem","position":2,"name":"CAPA at Madrid Design Festival 2022"}]},{"@type":"WebSite","@id":"https:\/\/www.capaesculturas.com\/en\/#website","url":"https:\/\/www.capaesculturas.com\/en\/","name":"Capa Esculturas","description":"Fundici\u00f3n y taller de referencia en el \u00e1mbito escult\u00f3rico","publisher":{"@id":"https:\/\/www.capaesculturas.com\/en\/#organization"},"alternateName":"Fundici\u00f3n de Esculturas Capa","potentialAction":[{"@type":"SearchAction","target":{"@type":"EntryPoint","urlTemplate":"https:\/\/www.capaesculturas.com\/en\/?s={search_term_string}"},"query-input":{"@type":"PropertyValueSpecification","valueRequired":true,"valueName":"search_term_string"}}],"inLanguage":"en-GB"},{"@type":"Organization","@id":"https:\/\/www.capaesculturas.com\/en\/#organization","name":"Capa Esculturas","alternateName":"Fundici\u00f3n y taller de referencia en el \u00e1mbito escult\u00f3rico","url":"https:\/\/www.capaesculturas.com\/en\/","logo":{"@type":"ImageObject","inLanguage":"en-GB","@id":"https:\/\/www.capaesculturas.com\/en\/#\/schema\/logo\/image\/","url":"https:\/\/www.capaesculturas.com\/wp-content\/uploads\/capa-esculturas-eps.png","contentUrl":"https:\/\/www.capaesculturas.com\/wp-content\/uploads\/capa-esculturas-eps.png","width":1911,"height":1904,"caption":"Capa Esculturas"},"image":{"@id":"https:\/\/www.capaesculturas.com\/en\/#\/schema\/logo\/image\/"}},{"@type":"Person","@id":"https:\/\/www.capaesculturas.com\/en\/#\/schema\/person\/824340306818e4b7b3a8962549a35898","name":"Capa","image":{"@type":"ImageObject","inLanguage":"en-GB","@id":"https:\/\/www.capaesculturas.com\/wp-content\/litespeed\/avatar\/894e8401b2b7be1b4bf113210f215739.jpg?ver=1777370652","url":"https:\/\/www.capaesculturas.com\/wp-content\/litespeed\/avatar\/894e8401b2b7be1b4bf113210f215739.jpg?ver=1777370652","contentUrl":"https:\/\/www.capaesculturas.com\/wp-content\/litespeed\/avatar\/894e8401b2b7be1b4bf113210f215739.jpg?ver=1777370652","caption":"Capa"},"url":"https:\/\/www.capaesculturas.com\/en\/author\/capa\/"}]}},"_links":{"self":[{"href":"https:\/\/www.capaesculturas.com\/en\/wp-json\/wp\/v2\/posts\/4690","targetHints":{"allow":["GET"]}}],"collection":[{"href":"https:\/\/www.capaesculturas.com\/en\/wp-json\/wp\/v2\/posts"}],"about":[{"href":"https:\/\/www.capaesculturas.com\/en\/wp-json\/wp\/v2\/types\/post"}],"author":[{"embeddable":true,"href":"https:\/\/www.capaesculturas.com\/en\/wp-json\/wp\/v2\/users\/3"}],"replies":[{"embeddable":true,"href":"https:\/\/www.capaesculturas.com\/en\/wp-json\/wp\/v2\/comments?post=4690"}],"version-history":[{"count":5,"href":"https:\/\/www.capaesculturas.com\/en\/wp-json\/wp\/v2\/posts\/4690\/revisions"}],"predecessor-version":[{"id":6032,"href":"https:\/\/www.capaesculturas.com\/en\/wp-json\/wp\/v2\/posts\/4690\/revisions\/6032"}],"wp:featuredmedia":[{"embeddable":true,"href":"https:\/\/www.capaesculturas.com\/en\/wp-json\/wp\/v2\/media\/4056"}],"wp:attachment":[{"href":"https:\/\/www.capaesculturas.com\/en\/wp-json\/wp\/v2\/media?parent=4690"}],"wp:term":[{"taxonomy":"category","embeddable":true,"href":"https:\/\/www.capaesculturas.com\/en\/wp-json\/wp\/v2\/categories?post=4690"},{"taxonomy":"post_tag","embeddable":true,"href":"https:\/\/www.capaesculturas.com\/en\/wp-json\/wp\/v2\/tags?post=4690"}],"curies":[{"name":"wp","href":"https:\/\/api.w.org\/{rel}","templated":true}]}}